{"id":997,"date":"2026-08-30T21:51:12","date_gmt":"2026-08-31T01:51:12","guid":{"rendered":"https:\/\/ajicolorado.com\/?p=997"},"modified":"2026-08-30T21:51:14","modified_gmt":"2026-08-31T01:51:14","slug":"no-es-cambio-climatico-es-una-crisis-climatica-global-2da-parte","status":"publish","type":"post","link":"https:\/\/ajicolorado.com\/?p=997","title":{"rendered":"No es cambio clim\u00e1tico, es una crisis clim\u00e1tica global &#8211; 2da Parte"},"content":{"rendered":"\n<p class=\"wp-block-paragraph\">La crisis contin\u00faa, se profundiza, expande, devasta. Ya no son s\u00f3lo las olas de calor, todo ello deriva, tambi\u00e9n, en incendios e inundaciones.<\/p>\n\n\n\n<p class=\"wp-block-paragraph\">De acuerdo al Sistema de Observaci\u00f3n y Seguimiento&nbsp;<em>Cop\u00e9rnicus<\/em>, Programa de observaci\u00f3n de la tierra de la Uni\u00f3n Europea, el mes de julio de 2026 fue el segundo m\u00e1s c\u00e1lido jam\u00e1s registrado. La temperatura media fue 1,47 \u00b0C superior al nivel preindustrial. En las series hist\u00f3ricas, Europa Occidental vivi\u00f3 su per\u00edodo junio-julio m\u00e1s c\u00e1lido, con una media de 21,62 \u00b0C.&nbsp;<\/p>\n\n\n\n<p class=\"wp-block-paragraph\">Francia registr\u00f3 una segunda ola de calor con un saldo de 1243 muertes por encima de lo habitual, seg\u00fan la Agencia Nacional de Salud P\u00fablica, Sant\u00e9 Publique France (tres cuartas partes de las v\u00edctimas mortales fueron personas de 75 a\u00f1os o m\u00e1s).<\/p>\n\n\n\n<p class=\"wp-block-paragraph\">En Estados Unidos, julio fue el mes m\u00e1s caluroso de su serie hist\u00f3rica, con una temperatura media cercana a los 25 \u00b0C, siendo un 1,8 \u00b0C mayor del promedio del siglo XX.<\/p>\n\n\n\n<p class=\"wp-block-paragraph\">En Asia, al noroeste de Corea del Sur, luego de semanas de calor con temperaturas m\u00e1s altas registradas, los agricultores encontraron papas blandas y aparentemente cocidas al sacarlas de la tierra. The Independent inform\u00f3 que los agricultores reportaron cosechas sin productos aprovechables.<\/p>\n\n\n\n<p class=\"wp-block-paragraph\">Todos estos eventos, en diferentes continentes, est\u00e1n relacionados directamente a la crisis clim\u00e1tica que estamos viviendo y que no es un fen\u00f3meno temporal.&nbsp;<\/p>\n\n\n\n<p class=\"wp-block-paragraph\">En una correlaci\u00f3n positiva, las olas de calor vienen acompa\u00f1adas de grandes incendios. En Europa, incendios en Huelva arrasaron m\u00e1s de ocho mil hect\u00e1reas, obligando a la evacuaci\u00f3n de cientos de personas. En Valencia se dio otro incendio que demand\u00f3 a la evacuaci\u00f3n de miles de personas. Desastre que se suma a un a\u00f1o cr\u00edtico para la pen\u00ednsula ib\u00e9rica, en lo que va del a\u00f1o, en Espa\u00f1a se quemaron cerca de 200.000 hect\u00e1reas. Seis veces m\u00e1s que en 2025.<\/p>\n\n\n\n<p class=\"wp-block-paragraph\">M\u00e1s al norte, un incendio forestal afect\u00f3 a la provincia de Lieja, en B\u00e9lgica, perturbando la regi\u00f3n fronteriza con Alemania. En Francia, en el departamento de Gironda, los bomberos enfrentaron durante semanas la violencia in\u00e9dita de incendios forestales masivos. Las llamas destruyeron decenas de viviendas, veh\u00edculos y m\u00e1s de 40.000 hect\u00e1reas de vegetaci\u00f3n, llevando a la evacuaci\u00f3n de m\u00e1s de 220.000 personas.&nbsp;<\/p>\n\n\n\n<p class=\"wp-block-paragraph\">En la regi\u00f3n mediterr\u00e1nea, medios locales griegos reportaron un incendi\u00f3 en la isla griega de Salamina que provoc\u00f3 muertos y centenares de evacuados.<\/p>\n\n\n\n<p class=\"wp-block-paragraph\">En Canad\u00e1, en la Columbia Brit\u00e1nica, se dio un incendio forestal de dimensiones y velocidad de expansi\u00f3n in\u00e9ditas. Llevaron incluso a conflictos geopol\u00edticos con su vecino, Estados Unidos, cuyo presidente amenaz\u00f3 con imponer aranceles adicionales, por el humo de los incendios que afectaron a ciudades como Nueva York, Detroit y Chicago.<\/p>\n\n\n\n<p class=\"wp-block-paragraph\">Sin embargo, el incremento de temperaturas no s\u00f3lo se traduce en incendios, tambi\u00e9n observamos precipitaciones e inundaciones excepcionales. Por ejemplo, en China, la temporada de tifones tuvo una variedad e intensidad sin antecedentes.<\/p>\n\n\n\n<p class=\"wp-block-paragraph\">De acuerdo al Centro Meteorol\u00f3gico Nacional de China, el tif\u00f3n Dolphin, n\u00famero 13 en la temporada, golpe\u00f3 con inusitada fuerza la costa este del pa\u00eds y toc\u00f3 tierra en la provincia de Zhejiang con vientos de hasta 151 km\/h. Toda la franja oriental de China sufri\u00f3 el impacto del supertif\u00f3n, que desat\u00f3 fuertes precipitaciones y vientos huracanados, con vientos sostenidos de 140 km\/h; lo que llev\u00f3 a las autoridades a activar la alerta roja, y evacuar a m\u00e1s de 1,6 millones de personas.&nbsp;<\/p>\n\n\n\n<p class=\"wp-block-paragraph\">En nuestro continente, en M\u00e9xico, las fuertes precipitaciones provocaron severas inundaciones en varias zonas de la Ciudad de M\u00e9xico. Ante la emergencia, las autoridades activaron la Alerta P\u00farpura \u2014el nivel m\u00e1ximo del sistema de alertamiento nacional\u2014 exclusivamente para la alcald\u00eda Tlalpan, donde se registraron los mayores estragos.<\/p>\n\n\n\n<p class=\"wp-block-paragraph\">Pero en Estados Unidos tambi\u00e9n se dieron devastadoras inundaciones. En el Estado de Indiana, a lo largo del r\u00edo White, se dieron las peores inundaciones en m\u00e1s de 30 a\u00f1os, seg\u00fan informaci\u00f3n del Servicio Meteorol\u00f3gico Nacional. Ante la magnitud de la cat\u00e1strofe (las autoridades confirmaron que la subida del nivel del agua bati\u00f3 un r\u00e9cord de 133 a\u00f1os), la Casa Blanca aprob\u00f3 una Declaraci\u00f3n Presidencial de Emergencia con hasta cinco millones de d\u00f3lares para labores de rescate, instalaci\u00f3n de refugios y entrega de suministros.<\/p>\n\n\n\n<p class=\"wp-block-paragraph\">Parad\u00f3jicamente, a la par de inundaciones se experimentan sequ\u00edas de magnitud no vista previamente. En el Reino Unido, de acuerdo a la Agencia de Medio Ambiente brit\u00e1nica, el 71.3% de los r\u00edos del pa\u00eds enfrentaron situaciones de sequ\u00eda. Las regiones de East Midlands, Lincolnshire, Northamptonshire, Kent, East Sussex, Solent y South Downs, entre otras, fueron declaradas oficialmente en sequ\u00eda, afectando a 45 millones de personas, de las cuales 27 millones viven bajo restricciones de uso de agua.<\/p>\n\n\n\n<p class=\"wp-block-paragraph\">En estas regiones se vivi\u00f3 el mes de julio m\u00e1s seco en 190 a\u00f1os. De acuerdo al responsable de sequ\u00eda de la Agencia de Medio Ambiente, Tony Grayling, \u00abLas condiciones de sequ\u00eda est\u00e1n empeorando y continuar\u00e1n haci\u00e9ndolo hasta que veamos lluvias significativas y sostenidas\u00bb. Los niveles de los embalses cayeron al 69 % (un 11,6 % por debajo de lo normal para esta \u00e9poca), mientras que el 22 % de los r\u00edos present\u00f3 caudales excepcionalmente bajos.<\/p>\n\n\n\n<p class=\"wp-block-paragraph\">En el continente europeo, el caudal de los r\u00edos m\u00e1s importantes, incluidos el Rin y el Danubio, registraron niveles m\u00ednimos r\u00e9cord. Niveles que no s\u00f3lo incidieron en la falta de agua para el riego y consumo humano, sino que tambi\u00e9n afect\u00f3 al sector energ\u00e9tico. Varios pa\u00edses se vieron obligados a detener los reactores de sus centrales el\u00e9ctricas, afectando directamente al funcionamiento de todo el sistema en la regi\u00f3n.&nbsp;<\/p>\n\n\n\n<p class=\"wp-block-paragraph\">Un caso paradigm\u00e1tico lo encontramos en Rumania, donde la \u00fanica central nuclear, la planta de Cernavoda que genera el 20 % de la electricidad del pa\u00eds, desconect\u00f3 uno de sus dos reactores a fines de julio por falta de agua en el r\u00edo Danubio, como declar\u00f3 la empresa estatal de producci\u00f3n de electricidad en centrales nucleares, Nuclearelectrica. M\u00e1s a\u00fan, buscando elevar el caudal del r\u00edo su gobierno hundi\u00f3 cuatro barcazas, de forma controlada, cargadas con rocas.<\/p>\n\n\n\n<p class=\"wp-block-paragraph\">La falta de precipitaciones tambi\u00e9n comenz\u00f3 a afectar en nuestro continente. En Centroam\u00e9rica, m\u00e1s espec\u00edficamente en Panam\u00e1, se enfrenta una sequ\u00eda mayor que afecta la circulaci\u00f3n de naves en el Canal de Panam\u00e1 y pone a las autoridades ante el dilema de lograr ingresos por el uso del Canal o asegurar el acceso al agua para su poblaci\u00f3n. La sequ\u00eda provocada por efectos tempranos del fen\u00f3meno de El Ni\u00f1o, con lluvias un 34% por debajo del promedio que afectan los embalses Gat\u00fan y Alhajuela, obliga a reducir el paso diario a 32 buques y limitar el calado. La tensi\u00f3n social se profundiza dado que los mismos embalses abastecen de agua potable a m\u00e1s del 50% de la poblaci\u00f3n paname\u00f1a.<\/p>\n\n\n\n<p class=\"wp-block-paragraph\">Por el sur, en Chile, a contrapelo de lo habitual, la Regi\u00f3n de Atacama, conocida por su falta de precipitaciones, calor intenso incluso en invierno y cielo despejado, sufri\u00f3 una intensa nevada. El desierto m\u00e1s \u00e1rido del mundo amaneci\u00f3 con un manto blanco de nieve. Una masa de aire fr\u00edo y un sistema frontal de alta monta\u00f1a gener\u00f3 la nevada, pero tambi\u00e9n desat\u00f3 violentas lluvias. Las intensas precipitaciones provocaron demoledores aluviones e inundaciones que llevaron a su gobierno a decretar estado de cat\u00e1strofe en Tocopilla.<\/p>\n\n\n\n<p class=\"wp-block-paragraph\">En Per\u00fa, el Servicio Nacional de Meteorolog\u00eda e Hidrolog\u00eda (Senamhi) report\u00f3 precipitaciones que superaron m\u00e1ximos hist\u00f3ricos en la costa central y sur, con registros sin precedentes en Lima y Tacna.<\/p>\n\n\n\n<p class=\"wp-block-paragraph\">En la costa atl\u00e1ntica, a principios de agosto un tornado golpe\u00f3 Brasil en el Estado de Rio Grande do Sul. Igualmente, R\u00edo de Janeiro fue puesto en alerta por fuertes vientos y avance de un cicl\u00f3n bomba. Defensa Civil y la Alcald\u00eda de R\u00edo emitieron una alerta urgente ante vientos de hasta 90 km\/h en la regi\u00f3n metropolitana y de 110 km\/h en el interior del estado.&nbsp;<\/p>\n\n\n\n<p class=\"wp-block-paragraph\"><strong>Para empeorar la situaci\u00f3n, viene el fen\u00f3meno de El Ni\u00f1o.&nbsp;<\/strong><\/p>\n\n\n\n<p class=\"wp-block-paragraph\">M\u00e1s all\u00e1 de explicaciones y t\u00e9rminos cient\u00edficos, el fen\u00f3meno de El Ni\u00f1o se traduce en eventos clim\u00e1ticos (lluvias, sequ\u00edas y vientos) con intensidad incrementada, de acuerdo al nivel de la temperatura de las aguas en el Oc\u00e9ano Pac\u00edfico.&nbsp;<\/p>\n\n\n\n<p class=\"wp-block-paragraph\">De acuerdo al mencionado Servicio de Cambio Clim\u00e1tico de&nbsp;<em>Copernicus,&nbsp;<\/em>el 22 de agosto<em>&nbsp;<\/em>pasado los oc\u00e9anos del planeta registraron la temperatura diaria m\u00e1s alta desde que se tienen datos. Ese Programa de la Uni\u00f3n Europea que brinda datos abiertos y gratuitos sobre el clima, report\u00f3 una media de 21,1 \u00b0C en la superficie oce\u00e1nica (excluyendo los polos), lo que rompi\u00f3 el r\u00e9cord del promedio de 21,09 \u00b0C que tuvimos en marzo de 2024. Estas cifras afectan directamente al fen\u00f3meno de El Ni\u00f1o, a la vida marina y al incremento del nivel del mar (el agua caliente se expande y ocupa m\u00e1s espacio). \u00abEste r\u00e9cord es otra se\u00f1al clara de que el oc\u00e9ano est\u00e1 sometido a un estr\u00e9s cada vez m\u00e1s grande\u00bb, afirm\u00f3 la doctora Samantha Burgess, subdirectora de&nbsp;<em>Copernicus<\/em>.<\/p>\n\n\n\n<p class=\"wp-block-paragraph\">Igualmente, Jeremy Grist, investigador principal del Centro Nacional de Oceanograf\u00eda en Southampton (Reino Unido), declar\u00f3: \u00abEl hecho de que ya estemos rompiendo r\u00e9cords es un indicador temprano de cu\u00e1n fuerte se est\u00e1 volviendo El Ni\u00f1o [\u2026] Si todo sigue igual, podr\u00edamos esperar que el r\u00e9cord de temperatura oce\u00e1nica se rompa nuevamente en marzo o abril de 2027\u00bb.<\/p>\n\n\n\n<p class=\"wp-block-paragraph\">Brindando algunos elementos de contexto, es importante tener presente que los oc\u00e9anos absorben m\u00e1s del 90 % del exceso de calor atrapado por las emisiones de gases de efecto invernadero, principalmente por la quema de combustibles f\u00f3siles. Pero lo que se observa \u00faltimamente es que los oc\u00e9anos ya no solo se debilitan en su capacidad de absorci\u00f3n del calor, sino que ellos mismos comienzan a emitir calor. Mares m\u00e1s c\u00e1lidos contribuyen a fen\u00f3menos clim\u00e1ticos m\u00e1s extremos. Aportan humedad y energ\u00eda adicionales a las tormentas, y pueden intensificar las olas de calor en tierra en algunas regiones costeras al reducir el efecto refrescante de las brisas marinas.<\/p>\n\n\n\n<p class=\"wp-block-paragraph\">De acuerdo a la Organizaci\u00f3n Meteorol\u00f3gica Mundial (OMM), es de esperase que El Ni\u00f1o se intensifique durante los pr\u00f3ximos meses y algunos pron\u00f3sticos sugieren que este fen\u00f3meno apunta a un evento hist\u00f3rico. Pero no son s\u00f3lo los datos de la OMM, de acuerdo al \u00faltimo informe del Centro de Predicci\u00f3n Clim\u00e1tica de la Oficina Nacional de Administraci\u00f3n Oce\u00e1nica y Atmosf\u00e9rica (NOAA) de Estados Unidos, el fen\u00f3meno de El Ni\u00f1o contin\u00faa fortaleci\u00e9ndose en el oc\u00e9ano Pac\u00edfico y existe una probabilidad superior al 90 % que se consolide como un evento de gran magnitud durante el oto\u00f1o-invierno de 2026-2027 en el hemisferio norte. Con la probabilidad de convertirse en el episodio m\u00e1s intenso registrado desde que comenzaron las mediciones oficiales en 1950.<\/p>\n\n\n\n<p class=\"wp-block-paragraph\">La crisis clim\u00e1tica est\u00e1 aqu\u00ed y quien no quiera verlo que no vea. No ser\u00e1 por falta de informaci\u00f3n que nos juzgue la historia.<\/p>\n\n\n\n<p class=\"wp-block-paragraph\"><strong>\u00bfQu\u00e9 se puede hacer frente a estos escenarios?<\/strong><\/p>\n\n\n\n<p class=\"wp-block-paragraph\">Por supuesto que ya hay debates, programas, pol\u00edticas, indicadores, metas que buscan atacar el problema; pero son medidas que se ven lejanas de la poblaci\u00f3n, tan de instituciones, tan de burocracias que, al final, desincentivan cualquier reacci\u00f3n o iniciativa que provenga de la sociedad civil. Se hace necesario salir de la din\u00e1mica perniciosa y circular de discursos-cat\u00e1strofes-damnificados-muertes-declaraciones-discursos. Esa din\u00e1mica de pretender cambiar todo para que nada cambie.<\/p>\n\n\n\n<p class=\"wp-block-paragraph\">Europa lleva d\u00e9cadas calent\u00e1ndose aproximadamente el doble de r\u00e1pido que el promedio mundial. Ahora sus autoridades empiezan a planificar las infraestructuras en base a escenarios que superan las proyecciones anteriores del calentamiento global (SSP2-4.5, en t\u00e9rminos t\u00e9cnicos); es decir que entendieron que, aunque discursivamente intentan limitar el calentamiento global, las carreteras, hospitales, redes el\u00e9ctricas o sistemas de abastecimiento que se est\u00e1n construyendo o se piensan construir a futuro, deber\u00e1n resistir condiciones clim\u00e1ticas considerablemente peores que las actuales. Comienzan a tomar medidas pr\u00e1cticas, inmediatas, m\u00e1s all\u00e1 de la ret\u00f3rica de \u201ctodav\u00eda podemos controlarlo\u201d.<\/p>\n\n\n\n<p class=\"wp-block-paragraph\">Por otro lado, el presidente chino, Xi Jinping, inst\u00f3 a llevar adelante un cambio de paradigma en la gesti\u00f3n de&nbsp;<em>desastres naturales<\/em>, abogando por un enfoque centrado en la prevenci\u00f3n en lugar de la respuesta posterior a la cat\u00e1strofe. Subray\u00f3 la necesidad de integrar seguridad y resiliencia en la planificaci\u00f3n de su pa\u00eds. Los datos ya preocupan a algunos dirigentes del mundo.<\/p>\n\n\n\n<p class=\"wp-block-paragraph\">Es importante comprender las causas, las fuentes del problema; buscar cambiar la din\u00e1mica mayor,&nbsp;la&nbsp;causa ra\u00edz no s\u00f3lo de la degradaci\u00f3n ecol\u00f3gica y la crisis clim\u00e1tica, sino de la desigualdad, la pobreza en la cual sumimos a la mayor\u00eda de la poblaci\u00f3n mundial y la neurosis generalizada catalizada por un consumismo atroz; pero, simult\u00e1neamente, debemos actuar de inmediato.&nbsp;<\/p>\n\n\n\n<p class=\"wp-block-paragraph\">Un peque\u00f1o paso, pero sustantivo, es cambiar el enfoque y las palabras con las que se est\u00e1n enfrentando el problema. La palabra importa. Se tiene que dejar de hablar del Cambio Clim\u00e1tico; se trata de un eufemismo que desarma y desmoviliza. Es necesario declarar que estamos frente a una C<em>risis Clim\u00e1tica<\/em>; ya no es un cambio, ya no son proyecciones a futuro ni es un proceso que tendr\u00edan que enfrentar las generaciones futuras. Es una crisis en la cual estamos ya inmersos y que no tiene reversibilidad, por lo menos hasta fin de siglo. No se trata de adoptar posiciones catastrofistas, pero es necesario asumir el esp\u00edritu de urgencia que la dimensi\u00f3n del fen\u00f3meno exige.&nbsp;<\/p>\n\n\n\n<p class=\"wp-block-paragraph\">Si dejamos de hablar de un cambio clim\u00e1tico, tambi\u00e9n tendr\u00edamos que dejar de denominar \u201c<em>desastres naturales<\/em>\u201d a todos los desarreglos\/desastres\/cat\u00e1strofes\/calamidades que estamos viviendo.&nbsp;<\/p>\n\n\n\n<p class=\"wp-block-paragraph\">Parece poco, pero este cambio de enfoque es fundamental. Tenemos que comenzar a llamar las cosas por su nombre. Ya estamos viviendo esta crisis. Los cient\u00edficos se\u00f1alan que las temperaturas extremas que vivenciamos en distintas partes del planeta no son algo pasajero ni acotado, tambi\u00e9n nos dicen que los calurosos d\u00edas actuales ser\u00e1n d\u00edas templados en el futuro, nos muestra que estamos en los inicios de un proceso de d\u00e9cadas. Por eso la necesidad de reconocer la urgencia y nombrarla.<\/p>\n\n\n\n<p class=\"wp-block-paragraph\">Como dice el experto climat\u00f3logo, Ra\u00fal Cordero, en una entrevista con BBC News Mundo, \u201cEl planeta en el que nacimos ya no existe\u201d. \u00abNo vamos a recuperar, al menos en un futuro previsible, el clima y la atm\u00f3sfera que ya hemos perdido\u00bb, dice qui\u00e9n trabaj\u00f3 durante a\u00f1os en Chile y que realiz\u00f3 diversas investigaciones en la Ant\u00e1rtida. Actualmente es profesor en la Universidad de Groninga, en los Pa\u00edses Bajos.<\/p>\n\n\n\n<p class=\"wp-block-paragraph\">Declaraciones ratificadas por el profesor Jorge Olcina, director del Laboratorio de Climatolog\u00eda de la Universidad de Alicante: \u201cLlevamos desde 2020 en una nueva normalidad clim\u00e1tica que se caracteriza por el calor continuado, tanto por la ma\u00f1ana como por la noche. Llevamos a\u00f1os experimentando una subida progresiva de noches muy calurosas, pero este a\u00f1o ya son excesivas.&nbsp;El calor que estamos viviendo ya no es algo puntual, sino que se va a ir manteniendo o intensificando en las pr\u00f3ximas d\u00e9cadas.\u201d<\/p>\n\n\n\n<p class=\"wp-block-paragraph\">\u201cMe preocupa que el proceso va m\u00e1s r\u00e1pido de lo que parec\u00eda hace 15 o 20 a\u00f1os. Los primeros modelos de cambio clim\u00e1tico a principios de siglo marcaban horizontes en la segunda mitad de siglo. Ahora estamos viendo que hay umbrales que estaban previstos para finales de siglo que se van a dar en menos de 10 a\u00f1os\u201d, confirma el experto.<\/p>\n\n\n\n<p class=\"wp-block-paragraph\">Si se trata de un fen\u00f3meno que no es pasajero, que nos acompa\u00f1a el d\u00eda a d\u00eda, tambi\u00e9n tendr\u00eda que ser un tema y debate de nuestro cotidiano. Queda claro que es necesario hablar de las crisis econ\u00f3micas, la inflaci\u00f3n y el incremento de los precios; pero igual es necesario hablar de esta crisis clim\u00e1tica (luego veremos que ambas crisis est\u00e1n \u00edntimamente relacionadas).<\/p>\n\n\n\n<p class=\"wp-block-paragraph\">Ya que todav\u00eda no se trata el tema en el seno de las familias, podemos comenzar por lograr cambios en la educaci\u00f3n y los colegios. Se hace imprescindible que la&nbsp;<em>Crisis Clim\u00e1tica<\/em>&nbsp;y sus efectos actuales, sea parte curricular de todas las escuelas y colegios.&nbsp;<\/p>\n\n\n\n<p class=\"wp-block-paragraph\">Revisando el curr\u00edculo de primaria y secundaria, encontramos que en los planes y programas de educaci\u00f3n primaria comunitaria vocacional s\u00ed se toca el tema dentro del campo vida-tierra-territorio, \u00e1rea de ciencias naturales. Con ello se busca, como perfil de salida, que \u00e9l y la estudiante&nbsp;<em>Reflexiona cr\u00edticamente sobre las consecuencias de la acci\u00f3n humana en la estabilidad del medio ambiente, proponiendo acciones de reducci\u00f3n del riesgo y adaptaci\u00f3n al cambio clim\u00e1tico<\/em>. Entre los contenidos curriculares se hablan sobre el calentamiento global y resiliencia al cambio clim\u00e1tico, agua segura y sus beneficios para la vida.&nbsp;<\/p>\n\n\n\n<p class=\"wp-block-paragraph\">En el curr\u00edculo de Secundaria encontramos contenidos m\u00e1s expl\u00edcitos en los planes y programas. Existe un bloque llamado \u201c<em>efectos del cambio clim\u00e1tico en la madre tierra<\/em>\u201d; entre las causas y efectos nombran la deforestaci\u00f3n, gases de efecto invernadero y medidas de mitigaci\u00f3n y adaptaci\u00f3n al cambio clim\u00e1tico, adem\u00e1s de energ\u00eda verde. Sin embargo, no se trata la urgencia e inmediatez del problema. Todav\u00eda se lo toma como un problema con consecuencias futuras. Por ello la necesidad de un enfoque de&nbsp;<em>Crisis Clim\u00e1tica<\/em>&nbsp;vigente.<\/p>\n\n\n\n<p class=\"wp-block-paragraph\">A nivel de educaci\u00f3n superior, t\u00e9cnica, de grado y post grado, la&nbsp;<em>Crisis Clim\u00e1tica<\/em>&nbsp;tendr\u00eda que ser materia transversal de todas las carreras universitarias y de los estudios t\u00e9cnicos, con \u00e9nfasis en el aspecto espec\u00edfico de cada profesi\u00f3n frente a la&nbsp;<em>crisis clim\u00e1tica<\/em>. Tambi\u00e9n se podr\u00edan conformar brigadas de descontaminaci\u00f3n y de reforestaci\u00f3n en cada carrera o cada centro de estudios.<\/p>\n\n\n\n<p class=\"wp-block-paragraph\">Igualmente, asumiendo (como ya lo hacen muchos Estados) que la&nbsp;<em>crisis clim\u00e1tica<\/em>&nbsp;es un tema de seguridad, y que el agua y los alimentos son recursos estrat\u00e9gicos fundamentales, se tendr\u00eda que repensar y reorientar los objetivos y funciones de las Fuerzas Armadas. S\u00f3lo como ejemplo, se podr\u00eda aprovechar de mejor manera los recursos humanos y la energ\u00eda de toda la juventud que cumple con el servicio militar obligatorio, capacit\u00e1ndolos con orientaci\u00f3n a enfrentar la&nbsp;<em>crisis clim\u00e1tica<\/em>.<\/p>\n\n\n\n<p class=\"wp-block-paragraph\">Actualmente existen en las Fuerzas Armadas las Unidades, como el Comando Conjunto de Respuesta a Eventos Adversos (CCREA), destinadas a la protecci\u00f3n ambiental y al combate de incendios forestales; con la funci\u00f3n principal de prevenci\u00f3n, mitigaci\u00f3n y combate directo de desastres naturales a nivel nacional, con \u00e9nfasis en incendios forestales e inundaciones. Pero, como dice literal, en una concepci\u00f3n de&nbsp;<em>desastre natural<\/em>y, por lo tanto, un enfoque de fen\u00f3menos eventuales, coyunturales. Lo propio ocurre con la Unidad Militar Ecol\u00f3gica y de Emergencias (UMEE).Se trata de ejemplos puntuales que buscan mostrar la amplia gama de posibilidades para una acci\u00f3n inmediata. Acciones que s\u00f3lo requieren de una mayor actualizaci\u00f3n y decisi\u00f3n pol\u00edtica. Luego podremos debatir temas estrat\u00e9gicos, pero si no contamos con la sensibilidad y concientizaci\u00f3n suficiente, de nada valdr\u00e1 cualquier ret\u00f3rica te\u00f3rica.<\/p>\n","protected":false},"excerpt":{"rendered":"<p>La crisis contin\u00faa, se profundiza, expande, devasta. Ya no son s\u00f3lo las olas de calor, todo ello deriva, tambi\u00e9n, en incendios e inundaciones. De acuerdo al Sistema de Observaci\u00f3n y Seguimiento&nbsp;Cop\u00e9rnicus, Programa de observaci\u00f3n de la tierra de la Uni\u00f3n Europea, el mes de julio de 2026 fue el segundo m\u00e1s c\u00e1lido jam\u00e1s registrado. La [&hellip;]<\/p>\n","protected":false},"author":19,"featured_media":998,"comment_status":"open","ping_status":"open","sticky":false,"template":"","format":"standard","meta":{"footnotes":"","jetpack_publicize_message":"Para llamar las cosas por su nombre. Una seria llamada de atenci\u00f3n sobre la crisis clim\u00e1tica global.","jetpack_publicize_feature_enabled":true,"jetpack_social_post_already_shared":false,"jetpack_social_options":{"image_generator_settings":{"template":"highway","default_image_id":0,"font":"","enabled":false},"version":2}},"categories":[4,3],"tags":[],"class_list":["post-997","post","type-post","status-publish","format-standard","has-post-thumbnail","category-articulos","category-muy-picante"],"jetpack_publicize_connections":[],"wpmagazine_modules_lite_featured_media_urls":{"thumbnail":["https:\/\/ajicolorado.com\/wp-content\/uploads\/2026\/08\/AdobeStock_300306019-150x150.jpeg",150,150,true],"cvmm-medium":["https:\/\/ajicolorado.com\/wp-content\/uploads\/2026\/08\/AdobeStock_300306019-300x300.jpeg",300,300,true],"cvmm-medium-plus":["https:\/\/ajicolorado.com\/wp-content\/uploads\/2026\/08\/AdobeStock_300306019-305x207.jpeg",305,207,true],"cvmm-portrait":["https:\/\/ajicolorado.com\/wp-content\/uploads\/2026\/08\/AdobeStock_300306019-400x600.jpeg",400,600,true],"cvmm-medium-square":["https:\/\/ajicolorado.com\/wp-content\/uploads\/2026\/08\/AdobeStock_300306019-600x600.jpeg",600,600,true],"cvmm-large":["https:\/\/ajicolorado.com\/wp-content\/uploads\/2026\/08\/AdobeStock_300306019-1024x1024.jpeg",1024,1024,true],"cvmm-small":["https:\/\/ajicolorado.com\/wp-content\/uploads\/2026\/08\/AdobeStock_300306019-130x95.jpeg",130,95,true],"full":["https:\/\/ajicolorado.com\/wp-content\/uploads\/2026\/08\/AdobeStock_300306019-scaled.jpeg",2560,1707,false]},"categories_names":{"4":{"name":"ART\u00cdCULOS","link":"https:\/\/ajicolorado.com\/?cat=4"},"3":{"name":"MUY PICANTE","link":"https:\/\/ajicolorado.com\/?cat=3"}},"tags_names":[],"comments_number":"0","brizy_media":[],"_links":{"self":[{"href":"https:\/\/ajicolorado.com\/index.php?rest_route=\/wp\/v2\/posts\/997","targetHints":{"allow":["GET"]}}],"collection":[{"href":"https:\/\/ajicolorado.com\/index.php?rest_route=\/wp\/v2\/posts"}],"about":[{"href":"https:\/\/ajicolorado.com\/index.php?rest_route=\/wp\/v2\/types\/post"}],"author":[{"embeddable":true,"href":"https:\/\/ajicolorado.com\/index.php?rest_route=\/wp\/v2\/users\/19"}],"replies":[{"embeddable":true,"href":"https:\/\/ajicolorado.com\/index.php?rest_route=%2Fwp%2Fv2%2Fcomments&post=997"}],"version-history":[{"count":1,"href":"https:\/\/ajicolorado.com\/index.php?rest_route=\/wp\/v2\/posts\/997\/revisions"}],"predecessor-version":[{"id":999,"href":"https:\/\/ajicolorado.com\/index.php?rest_route=\/wp\/v2\/posts\/997\/revisions\/999"}],"wp:featuredmedia":[{"embeddable":true,"href":"https:\/\/ajicolorado.com\/index.php?rest_route=\/wp\/v2\/media\/998"}],"wp:attachment":[{"href":"https:\/\/ajicolorado.com\/index.php?rest_route=%2Fwp%2Fv2%2Fmedia&parent=997"}],"wp:term":[{"taxonomy":"category","embeddable":true,"href":"https:\/\/ajicolorado.com\/index.php?rest_route=%2Fwp%2Fv2%2Fcategories&post=997"},{"taxonomy":"post_tag","embeddable":true,"href":"https:\/\/ajicolorado.com\/index.php?rest_route=%2Fwp%2Fv2%2Ftags&post=997"}],"curies":[{"name":"wp","href":"https:\/\/api.w.org\/{rel}","templated":true}]}}