{"id":994,"date":"2026-08-30T20:04:24","date_gmt":"2026-08-31T00:04:24","guid":{"rendered":"https:\/\/ajicolorado.com\/?p=994"},"modified":"2026-08-30T20:04:26","modified_gmt":"2026-08-31T00:04:26","slug":"la-guerra-contra-iran-fortalece-el-naciente-orden-mundial","status":"publish","type":"post","link":"https:\/\/ajicolorado.com\/?p=994","title":{"rendered":"La guerra contra Ir\u00e1n fortalece el naciente orden mundial"},"content":{"rendered":"\n<p class=\"wp-block-paragraph\"><a href=\"https:\/\/www.eldestapeweb.com\/perfil\/telma-luzzani\">Por\u00a0TELMA LUZZANI\u00a0<\/a>\u00a0<\/p>\n\n\n\n<h3 class=\"wp-block-heading\">La guerra iniciada por Estados Unidos e Israel no logr\u00f3 quebrar al gobierno iran\u00ed y aceler\u00f3, en cambio, transformaciones geopol\u00edticas de alcance global. Mientras Washington enfrenta una p\u00e9rdida de influencia y crecientes tensiones con sus aliados, Ir\u00e1n profundiza sus v\u00ednculos con Rusia y China y Eurasia avanza en la construcci\u00f3n de alianzas que consolidan un nuevo orden multipolar.<\/h3>\n\n\n\n<p class=\"wp-block-paragraph\"><em>\u201cPuedo prolongarla y tomar el control de todo, o terminarla en dos o tres d\u00edas\u201d<\/em>, alarde\u00f3 el presidente&nbsp;<strong>Donald Trump<\/strong>, el 28 de febrero, horas despu\u00e9s de un ataque a traici\u00f3n de&nbsp;<strong>Israel y Estados Unidos contra Ir\u00e1n<\/strong>.<\/p>\n\n\n\n<p class=\"wp-block-paragraph\">La ofensiva fue de tal magnitud que las bombas arrasaron con&nbsp;<strong>ministerios, complejos militares, aeropuertos, el Palacio presidencial, la residencia del L\u00edder Supremo, la Agencia de Energ\u00eda At\u00f3mica<\/strong>&nbsp;entre muchos otros blancos, varios de ellos civiles, como una escuela primaria en Mindab, donde la dupla israelo-estadounidense asesin\u00f3 a&nbsp;<strong>168 nenas que estaban en clase<\/strong>.<\/p>\n\n\n\n<p class=\"wp-block-paragraph\">La embestida, muy bien planificada por&nbsp;<strong>Washington y Tel Aviv<\/strong>, descabez\u00f3 la c\u00fapula de poder al asesinar al&nbsp;<strong>L\u00edder Supremo ayatol\u00e1 Ali Jamenei<\/strong>&nbsp;y a parte de su familia. Adem\u00e1s, una serie de&nbsp;<strong>ciberataques a gran escala<\/strong>&nbsp;dejaron al pa\u00eds a oscuras, sin conectividad (internet qued\u00f3 reducida al&nbsp;<strong>4%<\/strong>) y sin comunicaci\u00f3n: fueron jaqueados la agencia oficial&nbsp;<strong>IRNA (Islamic Republic News Agency)<\/strong>&nbsp;y varios portales informativos.<\/p>\n\n\n\n<p class=\"wp-block-paragraph\"><p style=\"white-space: normal; box-sizing: border-box; margin: 0px 0px 1.3rem; padding: 0px; border: 0px; outline: 0px; font-size: 1.3125rem; vertical-align: baseline; background-image: none; background-position: 0px 0px; background-size: auto; background-repeat: repeat; background-attachment: scroll; background-origin: padding-box; background-clip: border-box; line-height: 1.4; font-family: Roboto;\">Dos d\u00edas despu\u00e9s, Trump se jactaba:\u00a0<em style=\"box-sizing: border-box; margin: 0px; padding: 0px; border: 0px; outline: 0px; font-size: 1.3125rem; vertical-align: baseline; background-image: none; background-position: 0px 0px; background-size: auto; background-repeat: repeat; background-attachment: scroll; background-origin: padding-box; background-clip: border-box;\">\u201cPens\u00e9 que ser\u00edan cuatro semanas, pero vamos un poco adelantados. Podr\u00edamos calificar esto de \u00e9xito tremendo\u201d<\/em>. En la imaginaci\u00f3n del norteamericano y del primer ministro israel\u00ed,\u00a0<strong style=\"box-sizing: border-box; margin: 0px; padding: 0px; border: 0px; outline: 0px; font-size: 1.3125rem; vertical-align: baseline; background-image: none; background-position: 0px 0px; background-size: auto; background-repeat: repeat; background-attachment: scroll; background-origin: padding-box; background-clip: border-box;\">Benjamin Netanyahu<\/strong>, el golpe provocar\u00eda una insurrecci\u00f3n popular que derrocar\u00eda para siempre a la\u00a0<strong style=\"box-sizing: border-box; margin: 0px; padding: 0px; border: 0px; outline: 0px; font-size: 1.3125rem; vertical-align: baseline; background-image: none; background-position: 0px 0px; background-size: auto; background-repeat: repeat; background-attachment: scroll; background-origin: padding-box; background-clip: border-box;\">Revoluci\u00f3n Isl\u00e1mica<\/strong>\u00a0y permitir\u00eda la consolidaci\u00f3n del poder angloestadounidense-israel\u00ed en Asia Occidental.<\/p><p style=\"white-space: normal; box-sizing: border-box; margin: 0px 0px 1.3rem; padding: 0px; border: 0px; outline: 0px; font-size: 1.3125rem; vertical-align: baseline; background-image: none; background-position: 0px 0px; background-size: auto; background-repeat: repeat; background-attachment: scroll; background-origin: padding-box; background-clip: border-box; line-height: 1.4; font-family: Roboto;\"><em style=\"box-sizing: border-box; margin: 0px; padding: 0px; border: 0px; outline: 0px; font-size: 1.3125rem; vertical-align: baseline; background-image: none; background-position: 0px 0px; background-size: auto; background-repeat: repeat; background-attachment: scroll; background-origin: padding-box; background-clip: border-box;\"><strong style=\"box-sizing: border-box; margin: 0px; padding: 0px; border: 0px; outline: 0px; font-size: 1.3125rem; vertical-align: baseline; background-image: none; background-position: 0px 0px; background-size: auto; background-repeat: repeat; background-attachment: scroll; background-origin: padding-box; background-clip: border-box;\">Medio a\u00f1o despu\u00e9s, el mundo es otro.<\/strong><\/em>\u00a0En seis meses de guerra salieron a la luz tres hechos inesperados:\u00a0<strong style=\"box-sizing: border-box; margin: 0px; padding: 0px; border: 0px; outline: 0px; font-size: 1.3125rem; vertical-align: baseline; background-image: none; background-position: 0px 0px; background-size: auto; background-repeat: repeat; background-attachment: scroll; background-origin: padding-box; background-clip: border-box;\">que la defensa de Israel no es tan invulnerable como se proclamaba; que EEUU ha sido altamente incompetente al leer el escenario iran\u00ed y que la capacidad estrat\u00e9gica y de resiliencia de Ir\u00e1n es mucho mayor de lo esperado.<\/strong><\/p><p style=\"white-space: normal; box-sizing: border-box; margin: 0px 0px 1.3rem; padding: 0px; border: 0px; outline: 0px; font-size: 1.3125rem; vertical-align: baseline; background-image: none; background-position: 0px 0px; background-size: auto; background-repeat: repeat; background-attachment: scroll; background-origin: padding-box; background-clip: border-box; line-height: 1.4; font-family: Roboto;\">Hoy, la realidad es que\u00a0<strong style=\"box-sizing: border-box; margin: 0px; padding: 0px; border: 0px; outline: 0px; font-size: 1.3125rem; vertical-align: baseline; background-image: none; background-position: 0px 0px; background-size: auto; background-repeat: repeat; background-attachment: scroll; background-origin: padding-box; background-clip: border-box;\">el gobierno isl\u00e1mico no s\u00f3lo no cay\u00f3, sino que consolid\u00f3 su poder<\/strong>\u00a0y que, en Oriente Medio, un proceso de transformaci\u00f3n acelerada muestra que se est\u00e1 conformando\u00a0<strong style=\"box-sizing: border-box; margin: 0px; padding: 0px; border: 0px; outline: 0px; font-size: 1.3125rem; vertical-align: baseline; background-image: none; background-position: 0px 0px; background-size: auto; background-repeat: repeat; background-attachment: scroll; background-origin: padding-box; background-clip: border-box;\">un nuevo balance de fuerzas en sinton\u00eda con la emergencia de un nuevo orden multipolar<\/strong>. En estos meses se robustecieron los lazos entre\u00a0<strong style=\"box-sizing: border-box; margin: 0px; padding: 0px; border: 0px; outline: 0px; font-size: 1.3125rem; vertical-align: baseline; background-image: none; background-position: 0px 0px; background-size: auto; background-repeat: repeat; background-attachment: scroll; background-origin: padding-box; background-clip: border-box;\">Ir\u00e1n, Rusia y China<\/strong>\u00a0adem\u00e1s de conformarse nuevas alianzas como la de la Meca entre\u00a0<strong style=\"box-sizing: border-box; margin: 0px; padding: 0px; border: 0px; outline: 0px; font-size: 1.3125rem; vertical-align: baseline; background-image: none; background-position: 0px 0px; background-size: auto; background-repeat: repeat; background-attachment: scroll; background-origin: padding-box; background-clip: border-box;\">Pakist\u00e1n, Turqu\u00eda y Arabia Saudita<\/strong>.<\/p><span style=\"font-family: Roboto; font-size: 1.3125rem; white-space: normal;\">Washington, impotente, ahora maniobra la guerra con<\/span><span style=\"font-family: Roboto; font-size: 1.3125rem; white-space: normal;\">\u00a0<\/span><strong style=\"font-family: Roboto; font-size: 1.3125rem; white-space: normal; box-sizing: border-box; margin: 0px; padding: 0px; border: 0px; outline: 0px; vertical-align: baseline; background-image: none; background-position: 0px 0px; background-size: auto; background-repeat: repeat; background-attachment: scroll; background-origin: padding-box; background-clip: border-box;\">sanciones econ\u00f3micas, amenazas verbales y posteos<\/strong><span style=\"font-family: Roboto; font-size: 1.3125rem; white-space: normal;\">\u00a0<\/span><span style=\"font-family: Roboto; font-size: 1.3125rem; white-space: normal;\">como el gr\u00e1fico que Trump colg\u00f3 en su red Truth Social donde el estrecho de Ormuz aparece con la bandera de barras y estrellas y etiquetado como<\/span><span style=\"font-family: Roboto; font-size: 1.3125rem; white-space: normal;\">\u00a0<\/span><em style=\"font-family: Roboto; font-size: 1.3125rem; white-space: normal; box-sizing: border-box; margin: 0px; padding: 0px; border: 0px; outline: 0px; vertical-align: baseline; background-image: none; background-position: 0px 0px; background-size: auto; background-repeat: repeat; background-attachment: scroll; background-origin: padding-box; background-clip: border-box;\">\u201cNew US Territory\u201d (nuevo territorio de EEUU)<\/em><span style=\"font-family: Roboto; font-size: 1.3125rem; white-space: normal;\">.<\/span><\/p>\n\n\n\n<h2 class=\"wp-block-heading\">El bloqueo econ\u00f3mico<\/h2>\n\n\n\n<p class=\"wp-block-paragraph\">La&nbsp;<strong>\u201cOperaci\u00f3n Paria Econ\u00f3mico\u201d<\/strong>&nbsp;(llamada ampulosamente por Trump&nbsp;<em>\u201cel D\u00eda D econ\u00f3mico\u201d<\/em>, en alusi\u00f3n al famoso desembarco durante la Segunda Guerra Mundial) busca&nbsp;<strong>asfixiar a Ir\u00e1n<\/strong>. El castigo abarca activos digitales, tecnolog\u00eda, oro, aviaci\u00f3n y transporte mar\u00edtimo adem\u00e1s de sanciones secundarias contra todos los pa\u00edses, bancos y empresas que comercien con los iran\u00edes.<\/p>\n\n\n\n<p class=\"wp-block-paragraph\">Teher\u00e1n, empoderada por la&nbsp;<strong>victoria estrat\u00e9gica que ha logrado en estos seis meses<\/strong>, respondi\u00f3 que el pa\u00eds est\u00e1 plenamente preparado para afrontar cualquier escenario y contraatacar los intereses de EEUU en el mismo plano. La canciller\u00eda denunci\u00f3 la aplicaci\u00f3n de estas sanciones unilaterales como&nbsp;<em>\u201cterrorismo econ\u00f3mico\u201d<\/em>&nbsp;y critic\u00f3 la indiferencia de la&nbsp;<strong>ONU<\/strong>&nbsp;ante el sufrimiento de la poblaci\u00f3n iran\u00ed y ante medidas contrarias a los principios fundamentales de los derechos humanos.<\/p>\n\n\n\n<p class=\"wp-block-paragraph\">Muchos dudan de que esta ofensiva econ\u00f3mica sea exitosa, por varias razones. Primero, porque&nbsp;<strong>Teher\u00e1n viene siendo oprimida econ\u00f3micamente por Washington desde hace casi medio siglo (1979)<\/strong>&nbsp;y aprendi\u00f3 a adaptarse a esas presiones.<\/p>\n\n\n\n<p class=\"wp-block-paragraph\">Segundo, porque las nuevas medidas afectan los intereses de muchos pa\u00edses, sobre todo los de&nbsp;<strong>China, que compra m\u00e1s del 80% de la producci\u00f3n petrolera iran\u00ed (un 15% del consumo chino total)<\/strong>.&nbsp;<em>\u00bfEst\u00e1 dispuesto Trump a elevar la tensi\u00f3n pol\u00edtica con Beijing a pocas semanas de la visita oficial de Xi Jinping a Washington (24 de septiembre)?<\/em><\/p>\n\n\n\n<p class=\"wp-block-paragraph\">La canciller\u00eda comunista fue contundente.&nbsp;<em>\u201cChina tomar\u00e1 todas las medidas necesarias para salvaguardar firmemente sus derechos e intereses\u201d<\/em>, anunci\u00f3 el vocero,&nbsp;<strong>Lin Jian<\/strong>, tras conocerse las medidas del \u201cD\u00eda D\u201d.&nbsp;<em>\u201cLa guerra econ\u00f3mica y la m\u00e1xima presi\u00f3n no ayudan a resolver los problemas sino solo van a alimentar a\u00fan m\u00e1s los conflictos\u201d<\/em>. El vocero record\u00f3 que Beijing recomienda&nbsp;<em>\u201cdesescalar la situaci\u00f3n y volver cuanto antes al di\u00e1logo y la negociaci\u00f3n\u201d<\/em>.<\/p>\n\n\n\n<p class=\"wp-block-paragraph\">Tercero, porque son varios los actores internacionales de peso que apoyan a Ir\u00e1n.&nbsp;<strong>Rusia<\/strong>, por ejemplo, anunci\u00f3 que trabajar\u00e1 junto a Teher\u00e1n y otros pa\u00edses aliados para contrarrestar las iniciativas ilegales impulsadas por Washington y, de hecho, ya anunci\u00f3 un encuentro de alto nivel entre&nbsp;<strong>Putin y su par iran\u00ed Masoud Pezeshkian<\/strong>, el martes 1 de septiembre.<\/p>\n\n\n\n<h2 class=\"wp-block-heading\">Consolidando la multipolaridad<\/h2>\n\n\n\n<p class=\"wp-block-paragraph\"><em><strong>El conflicto se encuentra en una peligrosa zona gris: ni ataques ni negociaciones.<\/strong><\/em><\/p>\n\n\n\n<p class=\"wp-block-paragraph\">Ir\u00e1n sufri\u00f3 p\u00e9rdidas enormes, pero&nbsp;<strong>fortaleci\u00f3 su cohesi\u00f3n interna y se posicion\u00f3 como un actor clave en la regi\u00f3n<\/strong>. Los sectores duros del islamismo ganaron terreno por lo que una desescalada es inviable por el momento salvo que Trump admita, por ejemplo, que el control del estrat\u00e9gico&nbsp;<strong>Estrecho de Ormuz<\/strong>&nbsp;le corresponde a Ir\u00e1n y al sultanato de Om\u00e1n, algo improbable.<\/p>\n\n\n\n<p class=\"wp-block-paragraph\">Ahora,&nbsp;<strong>el peor enemigo de Teher\u00e1n es el tiempo<\/strong>: si las cosas siguen como hasta hoy (los iran\u00edes controlando Ormuz pero el Pent\u00e1gono bloque\u00e1ndolo) corre el riesgo de perder los avances conseguidos.&nbsp;<em>\u00bfEs el momento de acelerar o de conservar el status quo?<\/em><\/p>\n\n\n\n<p class=\"wp-block-paragraph\">Faltan dos meses para el 3 de noviembre y una pregunta crucial y angustiante recorre el pa\u00eds persa:&nbsp;<em>gane o pierda \u00bfqu\u00e9 va a hacer Trump cuando ya no est\u00e9 presionado por el resultado electoral?<\/em><\/p>\n\n\n\n<p class=\"wp-block-paragraph\">Tambi\u00e9n el presidente norteamericano perdi\u00f3 mucho. Adem\u00e1s de la confrontaci\u00f3n interna en su base electoral (<strong>MAGA<\/strong>), la credibilidad de su palabra y su popularidad cayeron en picada. A nivel de pa\u00eds, la guerra demostr\u00f3&nbsp;<strong>importantes vulnerabilidades militares<\/strong>&nbsp;(en bases, portaaviones, en la eficiencia de los misiles Patriot y, sobre todo, en la reducci\u00f3n cr\u00edtica de la reserva de material b\u00e9lico).<\/p>\n\n\n\n<p class=\"wp-block-paragraph\">M\u00e1s grave a\u00fan,&nbsp;<strong>el conflicto \u2013que se prolong\u00f3 m\u00e1s de lo esperado\u2013 dej\u00f3 expuesta la p\u00e9rdida de influencia de EEUU en la regi\u00f3n y la irreversible declinaci\u00f3n de su hegemon\u00eda global.<\/strong><\/p>\n\n\n\n<p class=\"wp-block-paragraph\">En el transcurso de estos&nbsp;<strong>6 meses<\/strong>, hubo un hecho hist\u00f3rico que dej\u00f3 en claro que&nbsp;<strong>el mundo ya est\u00e1 en un nuevo orden multipolar<\/strong>&nbsp;(s\u00f3lo que en esta parte del mundo llamada Occidente no se visualiza en su verdadera dimensi\u00f3n).<\/p>\n\n\n\n<p class=\"wp-block-paragraph\">Fueron las cumbres de&nbsp;<strong>Xi con Trump (14 y 15 de mayo) y con el presidente ruso Vladimir Putin (20 de mayo), en Beijing<\/strong>. Ambas dejaron en claro que&nbsp;<strong>Eurasia se rige por un nuevo orden emergente, con reglas y proyectos alternativos y diferentes valores en las relaciones internacionales.<\/strong><\/p>\n\n\n\n<p class=\"wp-block-paragraph\">Xi se lo expuso con claridad a Trump: lo invit\u00f3 a&nbsp;<em>\u201cconstruir nuevas relaciones\u201d<\/em>para enfrentar los&nbsp;<em>\u201cdesaf\u00edos globales\u201d<\/em>&nbsp;evitando el viejo esquema de la confrontaci\u00f3n a muerte (la&nbsp;<em>\u201cTrampa de Tuc\u00eddides\u201d<\/em>).<\/p>\n\n\n\n<p class=\"wp-block-paragraph\">Cinco d\u00edas despu\u00e9s,&nbsp;<strong>Xi y Putin<\/strong>&nbsp;-despu\u00e9s de autodesignarse&nbsp;<em>\u201clos garantes de una nueva construcci\u00f3n basada en la igualdad, la justicia y la cooperaci\u00f3n mutuamente beneficiosa\u201d<\/em>&#8211; anunciaron los&nbsp;<strong>\u201cLineamientos y fundamentos para establecer un mundo multipolar y un nuevo tipo de relaciones internacionales\u201d<\/strong>.<\/p>\n\n\n\n<p class=\"wp-block-paragraph\">Los cuatro principios del nuevo orden son:&nbsp;<strong>1) no hay pa\u00edses de primera clase; 2) la seguridad es indivisible e igualitaria. No podemos basar nuestra seguridad en la inseguridad del otro; 3) debe prohibirse la hegemon\u00eda global. Nadie puede dictar el destino de otros pa\u00edses y 4) todas las civilizaciones humanas son igualmente valiosas.<\/strong><\/p>\n\n\n\n<p class=\"wp-block-paragraph\">Mientras&nbsp;<strong>Occidente se deshilacha<\/strong>&nbsp;\u2013s\u00f3lo por dar un ejemplo: crecen las fricciones en el interior de la&nbsp;<strong>Uni\u00f3n Europea<\/strong>&nbsp;adem\u00e1s del deterioro del v\u00ednculo UE-EEUU y de este \u00faltimo pa\u00eds con su aliado m\u00e1s cercano, Canad\u00e1\u2013, en&nbsp;<strong>Eurasia se potencian las alianzas y las integraciones<\/strong>.<\/p>\n\n\n\n<p class=\"wp-block-paragraph\"><em><strong>A mayor violencia y unipolarismo de EEUU, mayor crecimiento de las asociaciones euroasi\u00e1ticas.<\/strong><\/em><\/p>\n\n\n\n<p class=\"wp-block-paragraph\">La semana que ahora empieza (del 30 de agosto al 2 de septiembre) se llevar\u00e1 a cabo, en&nbsp;<strong>Kirguist\u00e1n<\/strong>, una muy importante cumbre de la&nbsp;<strong>Organizaci\u00f3n de Cooperaci\u00f3n de Shangh\u00e1i<\/strong>, donde se encontrar\u00e1n&nbsp;<strong>Xi, Putin, Pezeshkian, el premier indio Narendra Modi y los presidentes de Turqu\u00eda Recep Erdogan y de Egipto Al-Sisi<\/strong>, entre otros.<\/p>\n\n\n\n<p class=\"wp-block-paragraph\">Muchos de ellos se ver\u00e1n nuevamente el 12 y 13 de septiembre en&nbsp;<strong>Nueva Delhi, India<\/strong>, en el marco de la&nbsp;<strong>Cumbre de los BRICS +<\/strong>.&nbsp;<em>Ser\u00e1 una nueva oportunidad para profundizar a\u00fan m\u00e1s la integraci\u00f3n.<\/em><\/p>\n\n\n\n<p class=\"wp-block-paragraph\">FUENTE: <a href=\"https:\/\/www.eldestapeweb.com\/internacionales\/guerra-iran-fortalece-naciente-orden-mundial-20268300556\">eldestape<\/a><\/p>\n","protected":false},"excerpt":{"rendered":"<p>Por\u00a0TELMA LUZZANI\u00a0\u00a0 La guerra iniciada por Estados Unidos e Israel no logr\u00f3 quebrar al gobierno iran\u00ed y aceler\u00f3, en cambio, transformaciones geopol\u00edticas de alcance global. Mientras Washington enfrenta una p\u00e9rdida de influencia y crecientes tensiones con sus aliados, Ir\u00e1n profundiza sus v\u00ednculos con Rusia y China y Eurasia avanza en la construcci\u00f3n de alianzas que [&hellip;]<\/p>\n","protected":false},"author":1,"featured_media":995,"comment_status":"open","ping_status":"open","sticky":false,"template":"","format":"standard","meta":{"footnotes":"","jetpack_publicize_message":"Compartimos esta nota de eldestapeweb cuyo an\u00e1lisis ayuda a comprender el nuevo orden mundial. ","jetpack_publicize_feature_enabled":true,"jetpack_social_post_already_shared":false,"jetpack_social_options":{"image_generator_settings":{"template":"highway","default_image_id":0,"font":"","enabled":false},"version":2}},"categories":[55],"tags":[],"class_list":["post-994","post","type-post","status-publish","format-standard","has-post-thumbnail","category-internacional"],"jetpack_publicize_connections":[],"wpmagazine_modules_lite_featured_media_urls":{"thumbnail":["https:\/\/ajicolorado.com\/wp-content\/uploads\/2026\/08\/trump-y-ayatola-jpg-150x150.webp",150,150,true],"cvmm-medium":["https:\/\/ajicolorado.com\/wp-content\/uploads\/2026\/08\/trump-y-ayatola-jpg-300x300.webp",300,300,true],"cvmm-medium-plus":["https:\/\/ajicolorado.com\/wp-content\/uploads\/2026\/08\/trump-y-ayatola-jpg-305x207.webp",305,207,true],"cvmm-portrait":["https:\/\/ajicolorado.com\/wp-content\/uploads\/2026\/08\/trump-y-ayatola-jpg-400x450.webp",400,450,true],"cvmm-medium-square":["https:\/\/ajicolorado.com\/wp-content\/uploads\/2026\/08\/trump-y-ayatola-jpg-600x450.webp",600,450,true],"cvmm-large":["https:\/\/ajicolorado.com\/wp-content\/uploads\/2026\/08\/trump-y-ayatola-jpg.webp",800,450,false],"cvmm-small":["https:\/\/ajicolorado.com\/wp-content\/uploads\/2026\/08\/trump-y-ayatola-jpg-130x95.webp",130,95,true],"full":["https:\/\/ajicolorado.com\/wp-content\/uploads\/2026\/08\/trump-y-ayatola-jpg.webp",800,450,false]},"categories_names":{"55":{"name":"INTERNACIONAL","link":"https:\/\/ajicolorado.com\/?cat=55"}},"tags_names":[],"comments_number":"0","brizy_media":[],"_links":{"self":[{"href":"https:\/\/ajicolorado.com\/index.php?rest_route=\/wp\/v2\/posts\/994","targetHints":{"allow":["GET"]}}],"collection":[{"href":"https:\/\/ajicolorado.com\/index.php?rest_route=\/wp\/v2\/posts"}],"about":[{"href":"https:\/\/ajicolorado.com\/index.php?rest_route=\/wp\/v2\/types\/post"}],"author":[{"embeddable":true,"href":"https:\/\/ajicolorado.com\/index.php?rest_route=\/wp\/v2\/users\/1"}],"replies":[{"embeddable":true,"href":"https:\/\/ajicolorado.com\/index.php?rest_route=%2Fwp%2Fv2%2Fcomments&post=994"}],"version-history":[{"count":1,"href":"https:\/\/ajicolorado.com\/index.php?rest_route=\/wp\/v2\/posts\/994\/revisions"}],"predecessor-version":[{"id":996,"href":"https:\/\/ajicolorado.com\/index.php?rest_route=\/wp\/v2\/posts\/994\/revisions\/996"}],"wp:featuredmedia":[{"embeddable":true,"href":"https:\/\/ajicolorado.com\/index.php?rest_route=\/wp\/v2\/media\/995"}],"wp:attachment":[{"href":"https:\/\/ajicolorado.com\/index.php?rest_route=%2Fwp%2Fv2%2Fmedia&parent=994"}],"wp:term":[{"taxonomy":"category","embeddable":true,"href":"https:\/\/ajicolorado.com\/index.php?rest_route=%2Fwp%2Fv2%2Fcategories&post=994"},{"taxonomy":"post_tag","embeddable":true,"href":"https:\/\/ajicolorado.com\/index.php?rest_route=%2Fwp%2Fv2%2Ftags&post=994"}],"curies":[{"name":"wp","href":"https:\/\/api.w.org\/{rel}","templated":true}]}}