{"id":990,"date":"2026-08-30T19:03:46","date_gmt":"2026-08-30T23:03:46","guid":{"rendered":"https:\/\/ajicolorado.com\/?p=990"},"modified":"2026-08-30T19:03:47","modified_gmt":"2026-08-30T23:03:47","slug":"cerimedo-anomalia","status":"publish","type":"post","link":"https:\/\/ajicolorado.com\/?p=990","title":{"rendered":"Cerimedo \u00bfanomal\u00eda?"},"content":{"rendered":"\n<p class=\"wp-block-paragraph\">La tradici\u00f3n comunicativa del republicanismo perif\u00e9rico, vasallo y subordinado al T\u00edo Sam presenta los hechos pol\u00edticos que permiten la conservaci\u00f3n y reproducci\u00f3n del poder como necesarias y legitimas, independientemente sin son democr\u00e1ticas,&nbsp;&nbsp;de facto o dictatoriales, es decir lo que prevalece es la importancia para el capitalismo como sistema el hecho, cuando el hecho deja de ser necesario para el sistema, lo denostan de forma sistem\u00e1tica, pero lo presentan como algo aislado, que no coincide o armoniza con los&nbsp;&nbsp;c\u00f3digos del orden impuesto por el establishment, eso es lo que est\u00e1 sucediendo con el caso Fernando Cerimedo.<\/p>\n\n\n\n<p class=\"wp-block-paragraph\">Veamos un ejemplo inmediato: al golpe de estado del 2019, lo presentaron para defender los principios de la democracia y contra el totalitarismo; a la presidenta de facto A\u00f1ez, la presentaron como la autoridad legitima y constitucional que ten\u00eda que reencauzar a Bolivia en la democracia; a las masacres de El Alto y Sacaba perpetradas por las FFAA y la polic\u00eda como la defensa a la sociedad de la hordas MASistas y campesinas, es decir el condimento en la comunicaci\u00f3n es el valor ideol\u00f3gico y pol\u00edtico que le dan al hecho.&nbsp;<\/p>\n\n\n\n<p class=\"wp-block-paragraph\">Esta forma de comunicaci\u00f3n es la construcci\u00f3n fetichizada de la realidad, lo convierten en la realidad absoluta, pero deja de ser importante, si los actores juegan a la inversa, es decir los hechos empiezan a afectar a los patrones o c\u00f3digos del capitalismo; A\u00f1ez en el gobierno mostr\u00f3 ineficiencia, altos niveles de corrupci\u00f3n, incluso su ministro de Gobierno, Arturo Murillo cumpli\u00f3 pena condenatoria por lavado de dinero en el pa\u00eds del norte, decidi\u00f3 postularse como candidata presidencial, ese momento la elite le baj\u00f3 el pulgar, A\u00f1ez deja de ser la autoridad necesaria y legitima, para convertirse en el factor negativo. Ya no se lo presenta como parte del sistema, sino solo como la expresidenta.<\/p>\n\n\n\n<p class=\"wp-block-paragraph\">Cerimedo el asesor estrat\u00e9gico, estaba por encima del bien y del mal, ordenaba y reordenaba el tablero, los beneficiarios de sus actos se sent\u00edan c\u00f3modos, aunque no a gusto, lo \u00faltimo poco importaba, mientras cumpla el objetivo.<\/p>\n\n\n\n<p class=\"wp-block-paragraph\">Cerimedo es una pieza m\u00e1s de la arquitectura delincuencial construida por la c\u00fapula de extrema derecha, es el medio que utilizan para violentar las democracias en la regi\u00f3n, no es una simple casualidad, no act\u00faan en las sombras, son los tinhk tank y asesores que tienen el visto bueno y financiamiento del imperialismo, adem\u00e1s cuentan con la complicidad de las estructuras pol\u00edticas y medi\u00e1ticas criollas, es la sin-raz\u00f3n de la raz\u00f3n del capitalismo fascista.<\/p>\n\n\n\n<p class=\"wp-block-paragraph\">En el Estado, Cerimedo exist\u00eda p\u00fablicamente desde noviembre, el sistema pol\u00edtico, medi\u00e1tico y los c\u00edrculos de intereses conoc\u00edan e interactuaban con \u00e9l, en el exterior fue parte de la delegaci\u00f3n oficial que se reuni\u00f3 con Marco Rubio en el Capitolio, en el campo de golf privado de Trump en Florida para consolidar la estrategia represiva con el nombre de Escudo de las Americas, no es una acusaci\u00f3n, sino la constataci\u00f3n del nivel de involucramiento violentando la soberan\u00eda del Estado.<\/p>\n\n\n\n<p class=\"wp-block-paragraph\">Era necesario mientras era importante, hoy niegan en coro su existencia, necesitan con urgencia alejarse, quieren y desean que la condena social, moral y penal caiga solo en el asesor.<\/p>\n\n\n\n<p class=\"wp-block-paragraph\">Sus mentores de extrema derecha: el espa\u00f1ol Negre socio en Derecha Diario, el estratega de Trump, Brad Parscale, sus beneficiarios: Milei de Argentina, Kats de Chile, Paz de Bolivia, negaron cualquier tipo de relaci\u00f3n.<\/p>\n\n\n\n<p class=\"wp-block-paragraph\">Necesitan mostrarlo como el individuo negativo, ajeno a la elite gobernante de la regi\u00f3n, es la estrategia comunicacional que est\u00e1n desplegando con la complicidad activa de periodistas, analistas pol\u00edticos y la manipulaci\u00f3n de las redes sociales.&nbsp;<\/p>\n\n\n\n<p class=\"wp-block-paragraph\">Cerimedo es la generaci\u00f3n de mercenarios digitales formados, organizados y financiados por la extrema derecha, su padrinazgo esta sentado en el Sal\u00f3n Oval de la Casa Blanca, la impunidad de sus actos es la garant\u00eda de su existencia.<\/p>\n\n\n\n<p class=\"wp-block-paragraph\">Los cerimedos, porque existen varios, son necesarios y desechables, los protegen y tambi\u00e9n les permiten enriquecerse a trav\u00e9s de la extorsi\u00f3n y corrupci\u00f3n, est\u00e1 en su ADN esa l\u00f3gica de la extrema derecha, pero cuando afectan a la imagen de este c\u00edrculo, como est\u00e1 sucediendo con Cerimedo, los desechan, porque son objetos bien pagados, es decir son eso, objetos.<\/p>\n\n\n\n<p class=\"wp-block-paragraph\">El afectado mayor es la y el ciudadano, la democracia, la soberan\u00eda y los Estados independientes, porque las extremas derechas del MAGA de Trump a trav\u00e9s del tecno-fascismo irrumpen, violentan e imponen sus c\u00f3digos imperialistas, los presidentes electos beneficiados por esta forma criminal, se sienten orgullos y c\u00f3modos.&nbsp;&nbsp;<\/p>\n\n\n\n<p class=\"wp-block-paragraph\">El imperialismo siempre recurri\u00f3 al control sistem\u00e1tico, desde que culmin\u00f3 la Segunda Guerra Mundial, sus m\u00e9todos son nazi-fascistas: desde la segunda mitad del siglo XX las dictaduras militares ten\u00edan caracter\u00edsticas fascistas, cuando recuperamos la democracia, a trav\u00e9s del sistema pol\u00edtico de partidos desarrollaron el m\u00e9todo de las \u201cdemocracias controladas\u201d, en este siglo la izquierda, el progresismo y los movimientos populares llegaron al gobierno con amplia legitimidad, desde el norte impulsaron procesos de desestabilizaci\u00f3n, juicios pol\u00edticos para destituir presidentes, golpes de estado y secuestro de presidentes, todas estas acciones son insuficientes, desde la segunda d\u00e9cada de este siglo, el tecno-fascismo en el instrumento p\u00fablico de intervenci\u00f3n contra los estados, las democracias y la soberan\u00eda. Los cereminedos, no son anomal\u00eda, son el despliegue de la cloaca fascista.<\/p>\n","protected":false},"excerpt":{"rendered":"<p>La tradici\u00f3n comunicativa del republicanismo perif\u00e9rico, vasallo y subordinado al T\u00edo Sam presenta los hechos pol\u00edticos que permiten la conservaci\u00f3n y reproducci\u00f3n del poder como necesarias y legitimas, independientemente sin son democr\u00e1ticas,&nbsp;&nbsp;de facto o dictatoriales, es decir lo que prevalece es la importancia para el capitalismo como sistema el hecho, cuando el hecho deja de [&hellip;]<\/p>\n","protected":false},"author":4,"featured_media":991,"comment_status":"open","ping_status":"open","sticky":false,"template":"","format":"standard","meta":{"footnotes":"","jetpack_publicize_message":"Punchay Willka describe los escenarios mayores que determinan la existencia de los \"cerimedos\" en latinoam\u00e9rica.","jetpack_publicize_feature_enabled":true,"jetpack_social_post_already_shared":false,"jetpack_social_options":{"image_generator_settings":{"template":"highway","default_image_id":0,"font":"","enabled":false},"version":2}},"categories":[3],"tags":[],"class_list":["post-990","post","type-post","status-publish","format-standard","has-post-thumbnail","category-muy-picante"],"jetpack_publicize_connections":[],"wpmagazine_modules_lite_featured_media_urls":{"thumbnail":["https:\/\/ajicolorado.com\/wp-content\/uploads\/2026\/08\/foto_27_2-150x150.jpg",150,150,true],"cvmm-medium":["https:\/\/ajicolorado.com\/wp-content\/uploads\/2026\/08\/foto_27_2-300x300.jpg",300,300,true],"cvmm-medium-plus":["https:\/\/ajicolorado.com\/wp-content\/uploads\/2026\/08\/foto_27_2-305x207.jpg",305,207,true],"cvmm-portrait":["https:\/\/ajicolorado.com\/wp-content\/uploads\/2026\/08\/foto_27_2-400x600.jpg",400,600,true],"cvmm-medium-square":["https:\/\/ajicolorado.com\/wp-content\/uploads\/2026\/08\/foto_27_2-600x600.jpg",600,600,true],"cvmm-large":["https:\/\/ajicolorado.com\/wp-content\/uploads\/2026\/08\/foto_27_2-1024x1024.jpg",1024,1024,true],"cvmm-small":["https:\/\/ajicolorado.com\/wp-content\/uploads\/2026\/08\/foto_27_2-130x95.jpg",130,95,true],"full":["https:\/\/ajicolorado.com\/wp-content\/uploads\/2026\/08\/foto_27_2.jpg",2048,1366,false]},"categories_names":{"3":{"name":"MUY PICANTE","link":"https:\/\/ajicolorado.com\/?cat=3"}},"tags_names":[],"comments_number":"0","brizy_media":[],"_links":{"self":[{"href":"https:\/\/ajicolorado.com\/index.php?rest_route=\/wp\/v2\/posts\/990","targetHints":{"allow":["GET"]}}],"collection":[{"href":"https:\/\/ajicolorado.com\/index.php?rest_route=\/wp\/v2\/posts"}],"about":[{"href":"https:\/\/ajicolorado.com\/index.php?rest_route=\/wp\/v2\/types\/post"}],"author":[{"embeddable":true,"href":"https:\/\/ajicolorado.com\/index.php?rest_route=\/wp\/v2\/users\/4"}],"replies":[{"embeddable":true,"href":"https:\/\/ajicolorado.com\/index.php?rest_route=%2Fwp%2Fv2%2Fcomments&post=990"}],"version-history":[{"count":2,"href":"https:\/\/ajicolorado.com\/index.php?rest_route=\/wp\/v2\/posts\/990\/revisions"}],"predecessor-version":[{"id":993,"href":"https:\/\/ajicolorado.com\/index.php?rest_route=\/wp\/v2\/posts\/990\/revisions\/993"}],"wp:featuredmedia":[{"embeddable":true,"href":"https:\/\/ajicolorado.com\/index.php?rest_route=\/wp\/v2\/media\/991"}],"wp:attachment":[{"href":"https:\/\/ajicolorado.com\/index.php?rest_route=%2Fwp%2Fv2%2Fmedia&parent=990"}],"wp:term":[{"taxonomy":"category","embeddable":true,"href":"https:\/\/ajicolorado.com\/index.php?rest_route=%2Fwp%2Fv2%2Fcategories&post=990"},{"taxonomy":"post_tag","embeddable":true,"href":"https:\/\/ajicolorado.com\/index.php?rest_route=%2Fwp%2Fv2%2Ftags&post=990"}],"curies":[{"name":"wp","href":"https:\/\/api.w.org\/{rel}","templated":true}]}}