{"id":943,"date":"2026-08-28T15:48:04","date_gmt":"2026-08-28T19:48:04","guid":{"rendered":"https:\/\/ajicolorado.com\/?p=943"},"modified":"2026-08-28T23:10:56","modified_gmt":"2026-08-29T03:10:56","slug":"un-cumpleanos-la-unidad-de-todos-los-zurdos-y-un-poema","status":"publish","type":"post","link":"https:\/\/ajicolorado.com\/?p=943","title":{"rendered":"Un cumplea\u00f1os, la unidad de todos los zurdos y un poema"},"content":{"rendered":"\n<p class=\"wp-block-paragraph\">Un cumplea\u00f1os \u201csorpresa\u201d en un exclusivo \u201csport bar\u201d de un club social\/jail\u00f3n de Calacoto (zona sur de La Paz) termina con las ganas de fundar un partido de izquierda. Bajenle a los tragos. Otro taxi\/partido. Se juntan un mi\u00e9rcoles de agosto para festejar los 52 a\u00f1os de un ex viceministro y ex embajador de la \u00e9poca de Evo Morales, un hombre que ha saltado la \u201ctalanquera\u201d (dir\u00edan en Venezuela) en varias oportunidades (del MBL a Juan del Granado, del MSM al MAS evista y luego al nefasto arcismo y as\u00ed \u201cad eternum\u201d). Uno de esos tantos muchachos que ha experimentado un ascenso social bajando a vivir al sur de la ciudad.&nbsp;<\/p>\n\n\n\n<p class=\"wp-block-paragraph\">Nota mental: hubo uno que dijo que lo hac\u00eda porque no ten\u00eda espacio para sus libros; del que hoy hablo desconozco que no cab\u00eda ya en su casa.&nbsp;<\/p>\n\n\n\n<p class=\"wp-block-paragraph\">Junto al cumplea\u00f1ero se arremolinan ex cargos evistas que juraron despu\u00e9s lealtad a diestra y siniestra. Un ex procurador del estado, tambi\u00e9n ex embajador. Honorables hombres de la impoluta justicia expertos en \u201claw-fare\u201d. Esos que hacen cola en la calle Ca\u00f1ada Strongest para visitar en La Posta (c\u00e1rcel de San Pedro) al ex presidente Arce Catacora para armar estrategias y\/o negocios varios. Tras el \u201cjapiberdi\u201d, se ponen a conspirar. Al margen del campo nacional-popular y las grandes mayor\u00edas ind\u00edgenas-campesinas. Faltar\u00eda m\u00e1s.&nbsp;<\/p>\n\n\n\n<p class=\"wp-block-paragraph\">Unos d\u00edas despu\u00e9s, el ex candidato del MAS arcista (y ex ministro de gobierno) llama a la unidad de la izquierda para \u201csalvar la patria\u201d. \u00bfEl mismo que bas\u00f3 su campa\u00f1a en la ley, la familia y el orden al m\u00e1s puro estilo paramilitar? El mismo. \u00bfEl mismo que mand\u00f3 a reprimir a viejos compa\u00f1eros\/compa\u00f1eras a punta de piedras y gases en la Abaroa? El mismo. \u00bfEl mismo que mont\u00f3 operativos en el altiplano con amigos para frenar marchas con pacos y milicos? El mismo. \u00bfEl mismo que quiso arrestar y\/o matar al ex presidente Evo Morales? El mismo. \u00bfEl mismo que llamaba \u201cterroristas\u201d a los que sal\u00edan a protestar contra Arce Catacora? El mismo. Todo est\u00e1 escrito en la memoria, canta Le\u00f3n Gieco. El peor pecado no es destruirte a ti mismo y a los dem\u00e1s; el pecado capital es traicionar por nada.<\/p>\n\n\n\n<p class=\"wp-block-paragraph\">La derecha -en el gobierno y fuera de \u00e9l- est\u00e1 dividida. Para no variar. Ni la embajada gringa ha logrado -ni lograr\u00e1- amigarlos. La anhelada \u201cjuntucha\u201d, al\u00edas mega-coalici\u00f3n- de los noventa es un sue\u00f1o mojado. A Paz Pereira le suceder\u00e1 Quiroga Ram\u00edrez. Ser\u00e1 en octubre. Ser\u00e1 en febrero. Ser\u00e1 en abril. Elige mes revolucionario. Solo falta la chispa que pueda prendar la pradera, dir\u00eda el camarada Mao. La sustituci\u00f3n de jugadores (sale \u201cPollo\u201d, entra \u201cTuto\u201d) ya ha sido dictada por los poderes f\u00e1cticos de Santa Cruz S.A., el FMI y la propia embajada de la Avenida Arce. Donde manda patr\u00f3n, no manda marinero.<\/p>\n\n\n\n<p class=\"wp-block-paragraph\">Se repetir\u00e1 el guion de la Argentina: a un \u201ccobarde\u201d Macri le sucedi\u00f3 un \u201cvaliente\u201d Milei. \u00bfCu\u00e1ntos a\u00f1os tardar\u00e1 la izquierda en unirse para plantar cara, apretar filas, descartar egos y personalismos, declinar narcisismos y ponerse detr\u00e1s de un candidato -o mejor candidata- con un programa transformador y pegado a las inquietudes\/necesidades populares?&nbsp;<\/p>\n\n\n\n<p class=\"wp-block-paragraph\">\u201cEs con Adriana\u201d, me dice otro ex ministro evista. \u201cEs lo que diga el Evo\u201d, me dice otra compa\u00f1era. \u201cEn el Chapare hay buenos cuadros, el Aquilardo, el David Veizaga\u201d, dicen por all\u00e1. \u201cEs con Leo Loza, pues; si lo hace bien en Cochabamba, de ah\u00ed salta a nivel nacional\u201d. Es con Evo, escucho al fondo. Si Paz Estenssoro gobern\u00f3 cuatro veces en tres d\u00e9cadas distintas (los 50, los 60 y los 80), \u00bfpor qu\u00e9 no puede volver el \u201cjefazo\u201d? Es con Andr\u00f3nico, dicen todav\u00eda los que se quemaron con la fichita de la socialdemocracia \u201cpip\u00ed-cuc\u00fa\u201d y hoy hombre de negocios exiliado en Yapacan\u00ed, norte de Santa Cruz.&nbsp;<\/p>\n\n\n\n<p class=\"wp-block-paragraph\">\u201cEn El Alto, tambi\u00e9n hay buenos cuadros\u201d, escucho en la L\u00ednea Azul del Telef\u00e9rico rumbo a Villa Ingenio. \u201cHartos Evos aqu\u00ed hay\u201d fue el t\u00edtulo de un lindo documental colombiano sobre los cocaleros y cocaleras del Tr\u00f3pico.&nbsp;<\/p>\n\n\n\n<p class=\"wp-block-paragraph\">No tengo respuestas ni certezas, solo tengo preguntas y m\u00e1s preguntas. \u00bfAcaso los liderazgos hist\u00f3ricos y aglutinadores nacen a cada rato? \u00bfCu\u00e1ntos Fidel ha parido Cuba? \u00bfCu\u00e1ntos Hugo Ch\u00e1vez brotaron en Venezuela? \u00bfCu\u00e1nto siglos tardamos en recuperar a Bol\u00edvar y su ideario anti-imperialista de la Patria Grande bolivariana despu\u00e9s de su asesinato y traici\u00f3n? \u00bfY si todav\u00eda no ha nacido el hombre o la mujer (y el partido-gu\u00eda con militancia) que sean capaces de capitalizar la madre\/bronca de todas las batallas? \u00bfY si tiene apenas diez a\u00f1itos ahora?<\/p>\n\n\n\n<p class=\"wp-block-paragraph\">\u00bfY las bases? \u00bfAlguien averigu\u00f3 qu\u00e9\/c\u00f3mo piensan\/padecen las bases? \u00bfAlguien baj\u00f3? \u00bfAlguien arranc\u00f3 el laburo de hormiga trabajando desde los barrios y las comunidades? \u00bfO todav\u00eda con superioridad moral se pretende empezar desde un elitista club social de Calacoto?&nbsp;<\/p>\n\n\n\n<p class=\"wp-block-paragraph\">Solo tengo preguntas y m\u00e1s preguntas. Solo tengo esperanza. No me resigno al pesimismo, ni al existencialismo, ni al tiempo de las peque\u00f1as cosas. No me refugio en conspiraciones, ni en las t\u00f3xicas redes sociales. No creo en la \u201creconciliaci\u00f3n\u201d. Solo s\u00e9 que cuanto m\u00e1s oscura es la noche, m\u00e1s cerca estamos de otro amanecer.&nbsp;<\/p>\n\n\n\n<p class=\"wp-block-paragraph\">\u201cCumple sorpresa, no avisen al cumplea\u00f1ero\u201d, dec\u00eda la invitaci\u00f3n que corri\u00f3 por los \u201cguasaps\u201d de los \u201caliados\u201d hace una semana. La unidad de la izquierda es -hoy- una quimera. Las rencillas y las broncas personales est\u00e1n todav\u00eda a flor de piel. Ni siquiera hemos podido olvidar el golpe y terminar de llorar a los muertos.&nbsp;<\/p>\n\n\n\n<p class=\"wp-block-paragraph\">Los que pagar\u00e1n los platos rotos ser\u00e1n\/son los de siempre. Son\/ser\u00e1n los que pueblan las c\u00e1rceles despu\u00e9s de la pen\u00faltima ola criminalizadora de la protesta social.&nbsp;La unidad de la izquierda es hoy un frenes\u00ed, una ilusi\u00f3n, una sombra, una ficci\u00f3n. El mayor bien llegar\u00e1 cuando las papas quemen de verdad. Cuando todos estemos en la misma celda. Cuando los de enfrente no distingan a quien disparar. Toda lucha es un sue\u00f1o, como la vida corta que se nos va entre las manos. La uni\u00f3n de todos los zurdos, sue\u00f1os son tambi\u00e9n. Todo esto ya lo dec\u00eda nom\u00e1s un viejo poema de Calder\u00f3n hace m\u00e1s de cuatro siglos.<\/p>\n","protected":false},"excerpt":{"rendered":"<p>Un cumplea\u00f1os \u201csorpresa\u201d en un exclusivo \u201csport bar\u201d de un club social\/jail\u00f3n de Calacoto (zona sur de La Paz) termina con las ganas de fundar un partido de izquierda. Bajenle a los tragos. Otro taxi\/partido. Se juntan un mi\u00e9rcoles de agosto para festejar los 52 a\u00f1os de un ex viceministro y ex embajador de la [&hellip;]<\/p>\n","protected":false},"author":7,"featured_media":944,"comment_status":"open","ping_status":"open","sticky":false,"template":"","format":"standard","meta":{"footnotes":"","jetpack_publicize_message":"La columna de Ricardo Bajo esta semana en Ali Colorado","jetpack_publicize_feature_enabled":true,"jetpack_social_post_already_shared":false,"jetpack_social_options":{"image_generator_settings":{"template":"highway","default_image_id":0,"font":"","enabled":false},"version":2}},"categories":[3,29],"tags":[],"class_list":["post-943","post","type-post","status-publish","format-standard","has-post-thumbnail","category-muy-picante","category-te-lo-voy-a-rezar"],"jetpack_publicize_connections":[],"wpmagazine_modules_lite_featured_media_urls":{"thumbnail":["https:\/\/ajicolorado.com\/wp-content\/uploads\/2026\/08\/PHOTO-2026-08-28-12-02-42-150x150.jpg",150,150,true],"cvmm-medium":["https:\/\/ajicolorado.com\/wp-content\/uploads\/2026\/08\/PHOTO-2026-08-28-12-02-42-300x300.jpg",300,300,true],"cvmm-medium-plus":["https:\/\/ajicolorado.com\/wp-content\/uploads\/2026\/08\/PHOTO-2026-08-28-12-02-42-305x207.jpg",305,207,true],"cvmm-portrait":["https:\/\/ajicolorado.com\/wp-content\/uploads\/2026\/08\/PHOTO-2026-08-28-12-02-42-400x600.jpg",400,600,true],"cvmm-medium-square":["https:\/\/ajicolorado.com\/wp-content\/uploads\/2026\/08\/PHOTO-2026-08-28-12-02-42-600x600.jpg",600,600,true],"cvmm-large":["https:\/\/ajicolorado.com\/wp-content\/uploads\/2026\/08\/PHOTO-2026-08-28-12-02-42-1024x960.jpg",1024,960,true],"cvmm-small":["https:\/\/ajicolorado.com\/wp-content\/uploads\/2026\/08\/PHOTO-2026-08-28-12-02-42-130x95.jpg",130,95,true],"full":["https:\/\/ajicolorado.com\/wp-content\/uploads\/2026\/08\/PHOTO-2026-08-28-12-02-42.jpg",1280,960,false]},"categories_names":{"3":{"name":"MUY PICANTE","link":"https:\/\/ajicolorado.com\/?cat=3"},"29":{"name":"TE LO VOY A REZAR","link":"https:\/\/ajicolorado.com\/?cat=29"}},"tags_names":[],"comments_number":"0","brizy_media":[],"_links":{"self":[{"href":"https:\/\/ajicolorado.com\/index.php?rest_route=\/wp\/v2\/posts\/943","targetHints":{"allow":["GET"]}}],"collection":[{"href":"https:\/\/ajicolorado.com\/index.php?rest_route=\/wp\/v2\/posts"}],"about":[{"href":"https:\/\/ajicolorado.com\/index.php?rest_route=\/wp\/v2\/types\/post"}],"author":[{"embeddable":true,"href":"https:\/\/ajicolorado.com\/index.php?rest_route=\/wp\/v2\/users\/7"}],"replies":[{"embeddable":true,"href":"https:\/\/ajicolorado.com\/index.php?rest_route=%2Fwp%2Fv2%2Fcomments&post=943"}],"version-history":[{"count":1,"href":"https:\/\/ajicolorado.com\/index.php?rest_route=\/wp\/v2\/posts\/943\/revisions"}],"predecessor-version":[{"id":945,"href":"https:\/\/ajicolorado.com\/index.php?rest_route=\/wp\/v2\/posts\/943\/revisions\/945"}],"wp:featuredmedia":[{"embeddable":true,"href":"https:\/\/ajicolorado.com\/index.php?rest_route=\/wp\/v2\/media\/944"}],"wp:attachment":[{"href":"https:\/\/ajicolorado.com\/index.php?rest_route=%2Fwp%2Fv2%2Fmedia&parent=943"}],"wp:term":[{"taxonomy":"category","embeddable":true,"href":"https:\/\/ajicolorado.com\/index.php?rest_route=%2Fwp%2Fv2%2Fcategories&post=943"},{"taxonomy":"post_tag","embeddable":true,"href":"https:\/\/ajicolorado.com\/index.php?rest_route=%2Fwp%2Fv2%2Ftags&post=943"}],"curies":[{"name":"wp","href":"https:\/\/api.w.org\/{rel}","templated":true}]}}