{"id":940,"date":"2026-08-28T15:35:23","date_gmt":"2026-08-28T19:35:23","guid":{"rendered":"https:\/\/ajicolorado.com\/?p=940"},"modified":"2026-08-28T15:35:25","modified_gmt":"2026-08-28T19:35:25","slug":"el-silencio-sagrado-ante-el-caso-cerimedo","status":"publish","type":"post","link":"https:\/\/ajicolorado.com\/?p=940","title":{"rendered":"El silencio sagrado ante el caso Cerimedo"},"content":{"rendered":"\n<p class=\"wp-block-paragraph\">\u00bfLa vida solo importa cuando no hay poder de por medio?<\/p>\n\n\n\n<p class=\"wp-block-paragraph\">La Iglesia Cat\u00f3lica en Bolivia siempre ha mantenido una bandera innegociable: la defensa de la vida desde el momento de la concepci\u00f3n. Para sus obispos, un feto no es un proyecto, es una persona con derecho a vivir. Sin embargo, ante el escalofriante caso de Fernando Cerimedo en Santa Cruz, la c\u00fapula eclesial ha preferido refugiarse en un silencio absoluto.<\/p>\n\n\n\n<p class=\"wp-block-paragraph\">Las investigaciones judiciales revelan una trama macabra de machismo patriarcal llevado al extremo. Cerimedo, sabiendo que su pareja estaba embarazada, contrat\u00f3 una red de sicarios para asesinarla. El objetivo era claro y violento: eliminar a la mujer y, con ella, al hijo en su vientre que \u00e9l mismo vio en una ecograf\u00eda horas antes. Esto no solo fue un intento de feminicidio; fue un atentado directo y planificado contra una vida inocente que no pudo nacer.<\/p>\n\n\n\n<p class=\"wp-block-paragraph\">\u00bfPor qu\u00e9 la Iglesia no emite ni un comunicado para condenar este ataque contra un no nacido? La respuesta est\u00e1 en el c\u00e1lculo pol\u00edtico. La Iglesia Cat\u00f3lica no es un actor neutral en Bolivia; es un mediador clave que cuida sus cartas frente al gobierno y a las \u00e9lites econ\u00f3micas. Pronunciarse en el caso Cerimedo significar\u00eda meter las manos en un lodo de espionaje, \u00abgranjas de bots\u00bb y mafias que salpican al poder pol\u00edtico de turno. Ante el riesgo de perder su influencia diplom\u00e1tica, los obispos prefieren mirar a otro lado.<\/p>\n\n\n\n<p class=\"wp-block-paragraph\">El silencio de la Iglesia ante el sicariato cruce\u00f1o deja al descubierto una alarmante doble moral. Cuando se trata de legislar o marchar contra los derechos de las mujeres, la Iglesia grita fuerte en las calles. Pero cuando el agresor es un hombre con poder y conexiones pol\u00edticas, el&nbsp;<\/p>\n\n\n\n<p class=\"wp-block-paragraph\">dogma se suspende. Al callar ante esta muestra de violencia patriarcal extrema, la Iglesia demuestra que, en su agenda, los pactos con el poder pol\u00edtico pesan mucho m\u00e1s que la vida de un ni\u00f1o en el vientre materno.<\/p>\n","protected":false},"excerpt":{"rendered":"<p>\u00bfLa vida solo importa cuando no hay poder de por medio? La Iglesia Cat\u00f3lica en Bolivia siempre ha mantenido una bandera innegociable: la defensa de la vida desde el momento de la concepci\u00f3n. Para sus obispos, un feto no es un proyecto, es una persona con derecho a vivir. Sin embargo, ante el escalofriante caso [&hellip;]<\/p>\n","protected":false},"author":18,"featured_media":941,"comment_status":"open","ping_status":"open","sticky":false,"template":"","format":"standard","meta":{"footnotes":"","jetpack_publicize_message":"Luty Mendoza llama la atenci\u00f3n sobre el silencio de la Iglesia Cat\u00f3lica sobre el atentado a una mujer embarazada.","jetpack_publicize_feature_enabled":true,"jetpack_social_post_already_shared":false,"jetpack_social_options":{"image_generator_settings":{"template":"highway","default_image_id":0,"font":"","enabled":false},"version":2}},"categories":[4,3],"tags":[],"class_list":["post-940","post","type-post","status-publish","format-standard","has-post-thumbnail","category-articulos","category-muy-picante"],"jetpack_publicize_connections":[],"wpmagazine_modules_lite_featured_media_urls":{"thumbnail":["https:\/\/ajicolorado.com\/wp-content\/uploads\/2026\/08\/images-11-150x150.jpeg",150,150,true],"cvmm-medium":["https:\/\/ajicolorado.com\/wp-content\/uploads\/2026\/08\/images-11-300x300.jpeg",300,300,true],"cvmm-medium-plus":["https:\/\/ajicolorado.com\/wp-content\/uploads\/2026\/08\/images-11-305x207.jpeg",305,207,true],"cvmm-portrait":["https:\/\/ajicolorado.com\/wp-content\/uploads\/2026\/08\/images-11-400x320.jpeg",400,320,true],"cvmm-medium-square":["https:\/\/ajicolorado.com\/wp-content\/uploads\/2026\/08\/images-11-600x320.jpeg",600,320,true],"cvmm-large":["https:\/\/ajicolorado.com\/wp-content\/uploads\/2026\/08\/images-11.jpeg",624,320,false],"cvmm-small":["https:\/\/ajicolorado.com\/wp-content\/uploads\/2026\/08\/images-11-130x95.jpeg",130,95,true],"full":["https:\/\/ajicolorado.com\/wp-content\/uploads\/2026\/08\/images-11.jpeg",624,320,false]},"categories_names":{"4":{"name":"ART\u00cdCULOS","link":"https:\/\/ajicolorado.com\/?cat=4"},"3":{"name":"MUY PICANTE","link":"https:\/\/ajicolorado.com\/?cat=3"}},"tags_names":[],"comments_number":"0","brizy_media":[],"_links":{"self":[{"href":"https:\/\/ajicolorado.com\/index.php?rest_route=\/wp\/v2\/posts\/940","targetHints":{"allow":["GET"]}}],"collection":[{"href":"https:\/\/ajicolorado.com\/index.php?rest_route=\/wp\/v2\/posts"}],"about":[{"href":"https:\/\/ajicolorado.com\/index.php?rest_route=\/wp\/v2\/types\/post"}],"author":[{"embeddable":true,"href":"https:\/\/ajicolorado.com\/index.php?rest_route=\/wp\/v2\/users\/18"}],"replies":[{"embeddable":true,"href":"https:\/\/ajicolorado.com\/index.php?rest_route=%2Fwp%2Fv2%2Fcomments&post=940"}],"version-history":[{"count":1,"href":"https:\/\/ajicolorado.com\/index.php?rest_route=\/wp\/v2\/posts\/940\/revisions"}],"predecessor-version":[{"id":942,"href":"https:\/\/ajicolorado.com\/index.php?rest_route=\/wp\/v2\/posts\/940\/revisions\/942"}],"wp:featuredmedia":[{"embeddable":true,"href":"https:\/\/ajicolorado.com\/index.php?rest_route=\/wp\/v2\/media\/941"}],"wp:attachment":[{"href":"https:\/\/ajicolorado.com\/index.php?rest_route=%2Fwp%2Fv2%2Fmedia&parent=940"}],"wp:term":[{"taxonomy":"category","embeddable":true,"href":"https:\/\/ajicolorado.com\/index.php?rest_route=%2Fwp%2Fv2%2Fcategories&post=940"},{"taxonomy":"post_tag","embeddable":true,"href":"https:\/\/ajicolorado.com\/index.php?rest_route=%2Fwp%2Fv2%2Ftags&post=940"}],"curies":[{"name":"wp","href":"https:\/\/api.w.org\/{rel}","templated":true}]}}