{"id":931,"date":"2026-07-04T12:17:04","date_gmt":"2026-07-04T16:17:04","guid":{"rendered":"https:\/\/ajicolorado.com\/?p=931"},"modified":"2026-08-28T12:27:19","modified_gmt":"2026-08-28T16:27:19","slug":"malas-victimas-malas","status":"publish","type":"post","link":"https:\/\/ajicolorado.com\/?p=931","title":{"rendered":"Malas v\u00edctimas\/malas"},"content":{"rendered":"\n<p class=\"wp-block-paragraph\">Uno: en La Paz hace m\u00e1s fr\u00edo en casa que en la calle. En casa mis manos se congelan en la noche pues mi escritorio est\u00e1 cerca de la ventana. En la cama, durante la madrugada, los pies tambi\u00e9n se congelan. Las bolsas de agua caliente en el mercado Rodr\u00edguez cuestan el doble o el triple que antes; como los huevos cuando llegan, como el pollo cuando lo bajan de El Alto descargado de aviones\/donaciones de pa\u00edses \u201camigos\u201d. No s\u00e9 si estamos en guerra o ha vuelto la pandemia. El calentito de mu\u00f1a contra la hipotermia tambi\u00e9n se enfr\u00eda. O lo tomo o escribo. Un poncho negro y blanco de llama y alpaca calienta mis rodillas. No hay leche para hacer caf\u00e9 con leche.<\/p>\n\n\n\n<p class=\"wp-block-paragraph\">La ciudad de noche est\u00e1 sumergida en un silencio ensordecedor. Ya no pasan por debajo de mi ventana los camiones ruidosos que sub\u00edan lentamente desde R\u00edo Abajo hasta el mercado en plena madrugada. He terminado de leer el libro \u201cMatarlo todo: escritos en tiempos de genocidio\u201d (editorial Mantis) de la \u201cchilestina\u201d (chilena de origen palestino) Lina Meruane. Habla de Palestina y ese \u201comnicidio\u201d (matar\/aniquilar a la palestinidad en todas sus formas). A m\u00ed me parece que habla (tambi\u00e9n) de nosotros.&nbsp;<\/p>\n\n\n\n<p class=\"wp-block-paragraph\">Dos: Lina escribe contra la muerte, escribe para que Palestina no muera. Su libro trae una columna censurada de prensa (\u201cLa ecuaci\u00f3n anexionista\u201d); un ensayo literario que da t\u00edtulo a su obra incluido en el libro \u201cPalestina: anatom\u00eda de un genocidio\u201d; un pr\u00f3logo (de otro libro llamado \u201cPalestina sitiada: ensayos sobre el devenir Nakba del mundo\u201d de su compatriota\/chilestino Rodrigo Karmy); otro pr\u00f3logo (esta vez del libro \u201cV\u00edctimas perfectas y la pol\u00edtica de la apelaci\u00f3n\u201d del palestino Mohammed El-Kurd); otro ensayo sobre glotopol\u00edtica y genocidio linguistico llamado \u201cRespuestas \u00fanicas\u201d; una charla ficcional de la autora (con Susan Sontag, Judith Butler, Cristina Rivera Garza, Edward Said, Masha Gessen, Rashid Khalidi, Ilan Papp\u00e9, Ahmad Qabaha, Noura Erekat, Gabriel Giorgi y Riga Segato); una cr\u00f3nica-poema; un cuento dist\u00f3pico; y un micro-relato poema con QR. Tiene 156 p\u00e1ginas y lo he comprado en la librer\u00eda de El Cuervo por noventa bolivianos, lo que ayer costaba un pollo.<\/p>\n\n\n\n<p class=\"wp-block-paragraph\">Tres: Lina pone en palabra todo lo que el estado terrorista\/genocida de Israel (y los colaboradores del sionismo en el mundo entero) han hecho y hacen contra el pueblo palestino; el genocidio extendido hacia el futuro, un infanticidio. Palabras contra el silencio; palabras contra el \u201cc\u00e1llate, amigo\/amiga de los terroristas\u201d. A m\u00ed me retumba el \u201cc\u00e1llate, masista\u201d.&nbsp;<\/p>\n\n\n\n<p class=\"wp-block-paragraph\">Lina habla de c\u00e1lculos coloniales sionistas, de poetas y periodistas asesinados, de muertos vivientes que no se dejan matar, de \u201cacabar con todos los palestinos para no tener que volver a matarlos\u201d. A m\u00ed me resuenan todas las masacres de la Bolivia de todos los siglos: Taraco (1869), Kuruyuki (1892), Jes\u00fas de Machaca (1921), Unc\u00eda (1923), Chayanta (1927), Catavi (1942), San Juan (1967), Tolata y Epizana (1974), Villa Tunari (1988), El Alto (2003), Senkata y Sacaba (2019). Son n\u00fameros\/matem\u00e1ticas coloniales. Acabar con los salvajes para no tener que volver a matarlos.&nbsp;<\/p>\n\n\n\n<p class=\"wp-block-paragraph\">Dice el poeta palestino Nur Al-Din Hayyay que el \u00fanico lugar seguro sobre la tierra es una tumba. Para romper el silencio, basta con pedir a un poeta un verso y ver\u00e1s el poder de la palabra ante la opresi\u00f3n colonial\/capitalista. No est\u00e1n callados\/no estamos callados. \u00bfCu\u00e1ntos muertos son demasiados? pregunta Lina. \u00bfCu\u00e1ntas masacres son demasiadas? pregunto yo.<\/p>\n\n\n\n<p class=\"wp-block-paragraph\">Cuatro: el lenguaje est\u00e1 siendo purgado. Y las palabras, prostituidas. Un ex periodista (muy activo en redes sociales y virado en fracasado pol\u00edtico) dice que no defiende al gobierno de Paz Pereira ante los bloqueadores; dice que defiende la \u201cdemocracia\u201d. Es la m\u00e1quina colonial, funcionando ma\u00f1ana, tarde y noche. Es la imposici\u00f3n de la definici\u00f3n de las palabras, es un \u201cnuevo vocabulario\u201d. Es la \u201clibertad\u201d de Milei; la \u201cdemocracia\u201d de Paz, que manda desobedeciendo al pueblo que vot\u00f3 por su binomio. Nota mental: a m\u00ed no me jodan, yo vot\u00e9 nulo en primera y segunda vuelta.<\/p>\n\n\n\n<p class=\"wp-block-paragraph\">Cinco: los palestinos y palestinas son \u201cmalas v\u00edctimas\u201d. Las \u00fanicas v\u00edctimas (en todo este l\u00edo, homenaje al \u201cIndio\u201d Solari) son las jud\u00edas. El que niega el monopolio de la victimidad jud\u00eda (la v\u00edctima absoluta sionista del \u201cholocausto eterno\u201d) es\/ser\u00e1 acusado de antisemita. Los palestinos ni siquiera son consideradas v\u00edctimas, aunque veamos en vivo en y directo un genocidio\/omnicidio televisado. \u00bfPor qu\u00e9? Porque no se rinden ni se cansan, porque resisten, porque se sublevan. \u201cPor eso el palestino resulta insoportable: se opone al da\u00f1o y lo visibiliza\u201d, dice el \u201cchilestino\u201d Rodrigo Karmy.&nbsp;<\/p>\n\n\n\n<p class=\"wp-block-paragraph\">El palestino no es v\u00edctima porque la v\u00edctima perfecta es una persona d\u00e9bil\/indefensa. Solo lo ser\u00e1 cuando se entregue d\u00f3cilmente a su extinci\u00f3n. Si resiste, ser\u00e1 \u201cterrorista\u201d aunque el derecho a resistir por cualquier medio necesario fuera reconocido por la ONU hace medio siglo. Es la \u201ctrampa de la perfecci\u00f3n\u201d, dice Mohammed El-Kurd.&nbsp;<\/p>\n\n\n\n<p class=\"wp-block-paragraph\">La v\u00edctima perfecta tampoco puede usar el lenguaje, ni hablar, ni usar una \u201ckefiya\u201d, ni enarbolar su bandera. Ni sentir odio ante quien extermina un pueblo porque \u201cese odio ante la violencia del opresor desmerece a la v\u00edctima, socava su estatus sufriente\u201d.<\/p>\n\n\n\n<p class=\"wp-block-paragraph\">La patria palestina es un laboratorio; ser\u00e1 el paradigma colonial revelado y aplicado contra otros pueblos. Los palestinos son \u201canimales humanos\u201d (Yoav Gallant, ex ministro de Defensa de Israel dixit). A m\u00ed me parece que el libro de Lina (con tapa hermosa de mi cuate Sergio Vega) habla (tambi\u00e9n) de los \u201cv\u00e1ndalos\u201d en Bolivia, esas malas v\u00edctimas\/malas, victimas imperfectas que osan bloquear y exigir sus derechos; que no se dejan matar. Ellos tambi\u00e9n \u201cbestias humanas\u201d (R\u00f3mulo Calvo, ex presidente del Comit\u00e9 Pro Santa Cruz, dixit).&nbsp;<\/p>\n\n\n\n<p class=\"wp-block-paragraph\">Seis: el proyecto colonial de ayer pretend\u00eda civilizar e incluir. Convertir a los ind\u00edgenas en mestizos. \u201cTodos somos cholos\u201d, dec\u00eda el MNR del 52 y el mirismo de Paz Zamora, el padre del \u201cPollo\u201d. El proyecto colonial sionista de hoy va un paso m\u00e1s all\u00e1: es excluyente y exterminador. Es la \u00fanica manera del ente colonial para quedarse con las tierras ancestrales de la Palestina hist\u00f3rica. Y quien se resista solo encontrar\u00e1 dos palabras: v\u00edctima (sumisa) o terrorista (si alza la voz). Pero hemos llegado a un punto que al pueblo palestino (y otros pueblos del mundo) ya no le importa lo que le digan. Unos no se van de este planeta en silencio, otros no marchan solos.&nbsp;<\/p>\n\n\n\n<p class=\"wp-block-paragraph\">A m\u00ed me parece que el libro de Lina Meruane habla (tambi\u00e9n) del pueblo boliviano. \u201cA veces uno sabe de qu\u00e9 lado estar simplemente viendo qui\u00e9nes est\u00e1n de otro lado\u201d, dec\u00eda el poeta Leonard Cohen. Suena en mi g\u00e9lida habitaci\u00f3n su canci\u00f3n \u201cI\u2019m your man\u201d y unos versos de empat\u00eda y solidaridad: \u201cIf you want a boxer\/I will step into the ring for you\u201d). Ya no hace tanto fr\u00edo.Vuelvo a la cama con mi bolsa de agua caliente entres los pies y arranco con un nuevo libro. Son los \u00faltimos cuentos de Lina Meruane. El \u00faltimo relato de \u201cAvidez\u201d (editorial espa\u00f1ola P\u00e1ginas de Espuma) narra la historia de una familia que no puede ni quiere enterrar a su hija porque no se ha encontrado su cabeza. A m\u00ed me parece que habla de Palestina.<\/p>\n","protected":false},"excerpt":{"rendered":"<p>Uno: en La Paz hace m\u00e1s fr\u00edo en casa que en la calle. En casa mis manos se congelan en la noche pues mi escritorio est\u00e1 cerca de la ventana. En la cama, durante la madrugada, los pies tambi\u00e9n se congelan. Las bolsas de agua caliente en el mercado Rodr\u00edguez cuestan el doble o el [&hellip;]<\/p>\n","protected":false},"author":7,"featured_media":932,"comment_status":"open","ping_status":"open","sticky":false,"template":"","format":"standard","meta":{"footnotes":"","jetpack_publicize_message":"","jetpack_publicize_feature_enabled":true,"jetpack_social_post_already_shared":true,"jetpack_social_options":{"image_generator_settings":{"template":"highway","default_image_id":0,"font":"","enabled":false},"version":2}},"categories":[29],"tags":[],"class_list":["post-931","post","type-post","status-publish","format-standard","has-post-thumbnail","category-te-lo-voy-a-rezar"],"jetpack_publicize_connections":[],"wpmagazine_modules_lite_featured_media_urls":{"thumbnail":["https:\/\/ajicolorado.com\/wp-content\/uploads\/2026\/08\/PHOTO-2026-08-28-12-05-39-150x150.jpg",150,150,true],"cvmm-medium":["https:\/\/ajicolorado.com\/wp-content\/uploads\/2026\/08\/PHOTO-2026-08-28-12-05-39-300x300.jpg",300,300,true],"cvmm-medium-plus":["https:\/\/ajicolorado.com\/wp-content\/uploads\/2026\/08\/PHOTO-2026-08-28-12-05-39-305x207.jpg",305,207,true],"cvmm-portrait":["https:\/\/ajicolorado.com\/wp-content\/uploads\/2026\/08\/PHOTO-2026-08-28-12-05-39-400x600.jpg",400,600,true],"cvmm-medium-square":["https:\/\/ajicolorado.com\/wp-content\/uploads\/2026\/08\/PHOTO-2026-08-28-12-05-39-600x600.jpg",600,600,true],"cvmm-large":["https:\/\/ajicolorado.com\/wp-content\/uploads\/2026\/08\/PHOTO-2026-08-28-12-05-39-1024x980.jpg",1024,980,true],"cvmm-small":["https:\/\/ajicolorado.com\/wp-content\/uploads\/2026\/08\/PHOTO-2026-08-28-12-05-39-130x95.jpg",130,95,true],"full":["https:\/\/ajicolorado.com\/wp-content\/uploads\/2026\/08\/PHOTO-2026-08-28-12-05-39.jpg",1600,980,false]},"categories_names":{"29":{"name":"TE LO VOY A REZAR","link":"https:\/\/ajicolorado.com\/?cat=29"}},"tags_names":[],"comments_number":"0","brizy_media":[],"_links":{"self":[{"href":"https:\/\/ajicolorado.com\/index.php?rest_route=\/wp\/v2\/posts\/931","targetHints":{"allow":["GET"]}}],"collection":[{"href":"https:\/\/ajicolorado.com\/index.php?rest_route=\/wp\/v2\/posts"}],"about":[{"href":"https:\/\/ajicolorado.com\/index.php?rest_route=\/wp\/v2\/types\/post"}],"author":[{"embeddable":true,"href":"https:\/\/ajicolorado.com\/index.php?rest_route=\/wp\/v2\/users\/7"}],"replies":[{"embeddable":true,"href":"https:\/\/ajicolorado.com\/index.php?rest_route=%2Fwp%2Fv2%2Fcomments&post=931"}],"version-history":[{"count":1,"href":"https:\/\/ajicolorado.com\/index.php?rest_route=\/wp\/v2\/posts\/931\/revisions"}],"predecessor-version":[{"id":933,"href":"https:\/\/ajicolorado.com\/index.php?rest_route=\/wp\/v2\/posts\/931\/revisions\/933"}],"wp:featuredmedia":[{"embeddable":true,"href":"https:\/\/ajicolorado.com\/index.php?rest_route=\/wp\/v2\/media\/932"}],"wp:attachment":[{"href":"https:\/\/ajicolorado.com\/index.php?rest_route=%2Fwp%2Fv2%2Fmedia&parent=931"}],"wp:term":[{"taxonomy":"category","embeddable":true,"href":"https:\/\/ajicolorado.com\/index.php?rest_route=%2Fwp%2Fv2%2Fcategories&post=931"},{"taxonomy":"post_tag","embeddable":true,"href":"https:\/\/ajicolorado.com\/index.php?rest_route=%2Fwp%2Fv2%2Ftags&post=931"}],"curies":[{"name":"wp","href":"https:\/\/api.w.org\/{rel}","templated":true}]}}