{"id":927,"date":"2026-06-03T12:13:59","date_gmt":"2026-06-03T16:13:59","guid":{"rendered":"https:\/\/ajicolorado.com\/?p=927"},"modified":"2026-08-28T12:25:35","modified_gmt":"2026-08-28T16:25:35","slug":"los-racistas-son-canibales","status":"publish","type":"post","link":"https:\/\/ajicolorado.com\/?p=927","title":{"rendered":"Los racistas son can\u00edbales"},"content":{"rendered":"\n<p class=\"wp-block-paragraph\"><strong>Uno:<\/strong>&nbsp;\u201cMi perrito H\u00e9rcules gobernar\u00eda mejor que Lara. No queremos Evos de ning\u00fan color; deber\u00edan estar vetados porque son todos unos HDP\u201d (cantante de un grupo de pop pace\u00f1o). Antonio&nbsp;Gramsci escribe cartas desde la c\u00e1rcel de Turi (provincia de Bari) a su cu\u00f1ada Tatiana Schucht (a la que llama Tania). En una de ellas habla de las \u201ctransformaciones moleculares\u201d. Y para explicar el concepto pone un ejemplo. Unos n\u00e1ufragos a la deriva debaten sobre si comer carne humana para sobrevivir o no. El mismo dilema que tuvieron los sobrevivientes del accidente a\u00e9reo en los Andes de un equipo de rugby uruguayo en 1972 (luego retratados en pel\u00edculas como \u201c\u00a1Viven!\u201d).&nbsp;<\/p>\n\n\n\n<p class=\"wp-block-paragraph\">Los n\u00e1ufragos del relato de Gramsci descartan en un principio el canibalismo pero al final -cuando se trata de sobrevivir- la idea no parece tan loca. El comunista italiano -arrestado y encarcelado por la polic\u00eda secreta del r\u00e9gimen fascista de Mussolini- plantea una duda: \u00bfel marino en tierra antes de subir al barco y el tripulante a la deriva que se convierte en can\u00edbal son la misma persona? La respuesta es no.&nbsp;<\/p>\n\n\n\n<p class=\"wp-block-paragraph\">Durante un periodo de tiempo, ambos conviven, se desdoblan; solo el autocontrol -de momento- impide comer carne humana de amigos muertos. Pronto, la culpa y el asco desaparecen. Entonces, la \u201ctransformaci\u00f3n molecular\u201d da paso -partido a partido- a un orgulloso can\u00edbal. \u00bfCu\u00e1ntos m\u00fasicos, periodistas, artistas, poetas, cineastas y dem\u00e1s personas de las culturas conoces que han sufrido estas \u201ctransformaciones corporales\u201d y hoy en d\u00eda se muestran en sus redes sociales (en la calle todav\u00eda existe el autocontrol) abiertamente racistas? La lista es larga como un d\u00eda sin huevo. Pas\u00f3 en 2019, est\u00e1 pasando de nuevo.<\/p>\n\n\n\n<p class=\"wp-block-paragraph\"><strong>Dos:<\/strong>&nbsp;\u201cA los que sabemos, que los parta un rayo\u201d (escritora, cronista; \u201cinvent\u00f3\u201d la cr\u00f3nica en Bolivia). Ella est\u00e1 en esa etapa de transici\u00f3n entre la parte observadora y la personalidad seducida por el canibalismo frontal en la balsa. Desea inconscientemente que esos peque\u00f1os cambios en su cuerpo individual anuncien -como pesadilla- grandes cambios colectivos. Ella no vot\u00f3 por Paz y Lara. Faltar\u00eda m\u00e1s.&nbsp;<\/p>\n\n\n\n<p class=\"wp-block-paragraph\">Antonio Gramsci relat\u00f3 el origen cotidiano del \u201cfascio\u201d en esas cartas a la cu\u00f1ada, a los hijos (Delio y Giuliano), a la esposa (\u201cYulca\u201d), a los hermanos y a la madre Giuseppina, a la que llamaba de cari\u00f1o \u201cPeppina\u201d.<\/p>\n\n\n\n<p class=\"wp-block-paragraph\"><strong>Tres:<\/strong>&nbsp;\u201cse merecen que los masacren\u201d (actriz de teatro independiente, no hay otro en Bolivia). La deshumanizaci\u00f3n, la falta de compasi\u00f3n, la animalizaci\u00f3n y la basurizaci\u00f3n del otro son rasgos del fascismo. \u201cMasillamas, hendiondos, hay que exterminarlos, mulas\/no piensan, son pagados\/basura son\u201d. No se ataca a personas particulares, se odia en abstracto desde la comodidad del anonimato, desde la segura impunidad del celular en un hogar donde no falta el pollo. La \u201ctransformaci\u00f3n molecular\u201d reina ya en el cuerpo y ella es feliz; hasta hermosa se ve en el espejo deformante. Faltar\u00eda m\u00e1s.<\/p>\n\n\n\n<p class=\"wp-block-paragraph\">Los insectos kafkianos son gente de bien. Los v\u00e1ndalos son los otros. El desprecio aclara la piel. El canibalismo viral es el nuevo vegetarianismo. \u201cMi perri-hijo ser\u00eda un buen presidente. \u00bfHas visto como esos indios de mierda venden y torturan animalitos vivos en la 16 de Julio? Son los mismos que quer\u00edan volar por los aires toda una ciudad como en Senkata\u201d.<\/p>\n\n\n\n<p class=\"wp-block-paragraph\"><strong>Cuatro<\/strong>: \u201c\u00a1Un\u00e1nse, dejen de grabar, digan a las cholas que las vamos a quemar!\u201d. (se\u00f1ora an\u00f3nima, de esas que no te saludan en el ascensor, grita a los inocentes transe\u00fantes). Es una de las primeras marchas \u201cciudadanas\u201d (de la Resistencia Juvenil Pace\u00f1a) que recorre el Prado de noche en la tercera semana de mayo. No es la \u201cNoche de los Cristales Rotos\u201d pero se parece. Al final de la marcha, quemar\u00e1n una wiphala, a falta de chola. Bolivia no es el problema, el problema es el problema.<\/p>\n\n\n\n<p class=\"wp-block-paragraph\">Los marchistas que bloquean el centro pace\u00f1o (hay bloqueos y bloqueos) hablan de libertad y democracia. Se saben can\u00edbales. Nota mental: la se\u00f1ora que quiere pegar fuego a las cholas ha eliminado hace a\u00f1os la fotograf\u00eda de su abuela de pollera del \u00e1lbum familiar. Ella viene de los barcos. Faltar\u00eda m\u00e1s.<\/p>\n\n\n\n<p class=\"wp-block-paragraph\"><strong>Cinco:<\/strong>\u00a0\u201chay que encerrarlos de por vida\u201d (historiador\/periodista con apellido jud\u00edo, transformado molecularmente hoy en nazi-sionista). Los insurrectos invisibles de color marr\u00f3n son como los locos y las locas: peligrosos, irreversibles, improductivos, cr\u00f3nicos. Merecen descalificaci\u00f3n y desprecio, am\u00e9n de cadena perpetua, nacieron culpables. Si acaso son reincidentes, matadlos. Paa eso, el otro debe ser radicalmente otro. El otro no es diferente, es ajeno; a caballo entre humano o infrahumano y animal. Es la higiene de la raza con la que suena todo genocida. El desprecio es la medicina del can\u00edbal, mutado de rebelde con moto a represor sin pausa. El otro es repugnante, merece esa violencia justificada. Su cuerpo debe ser castigado, troceado, disciplinado. Es la \u201csoluci\u00f3n final\u201d para terminar con la pesadilla de las dos Bolivias. Es \u201cHolocausto can\u00edbal\u201d, la pel\u00edcula que nunca pudieron ver por aquella culpa y aquel asco.<\/p>\n\n\n\n<p class=\"wp-block-paragraph\"><strong>Seis<\/strong>: \u201cDefendamos Calacoto, no dejemos que los indios ingresen a nuestro barrio\u201d (grupo an\u00f3nimo de \u201cguasap\u201d). Los can\u00edbales que piden mano dura, estado de excepci\u00f3n, militares y grupos parapoliciales en las calles para despejar los malos bloqueos no se har\u00e1n cargo despu\u00e9s de los muertos. El pr\u00f3ximo a\u00f1o subir\u00e1n al preste\/cholet para bailar tecno, ir\u00e1n de compras a la 16 de Julio para lucir el \u00faltimo vestido de la moda \u00e9tnica llegado de la India por 20 lukitas, adorar\u00e1n al sol en la fiesta del Inti Raymi, bailar\u00e1n morenada o caporal en Oruro, se har\u00e1n leer la coca por un yatiri en las casetas de El Alto y jurar\u00e1n que ellos jam\u00e1s comer\u00edan carne humana aunque sintieran morir. \u201cNever in the life\u201d. Y volver\u00e1n a decirte \u201chermano\u201d en la pr\u00f3xima feria del libro. Faltar\u00eda menos.<\/p>\n","protected":false},"excerpt":{"rendered":"<p>Uno:&nbsp;\u201cMi perrito H\u00e9rcules gobernar\u00eda mejor que Lara. No queremos Evos de ning\u00fan color; deber\u00edan estar vetados porque son todos unos HDP\u201d (cantante de un grupo de pop pace\u00f1o). Antonio&nbsp;Gramsci escribe cartas desde la c\u00e1rcel de Turi (provincia de Bari) a su cu\u00f1ada Tatiana Schucht (a la que llama Tania). En una de ellas habla de [&hellip;]<\/p>\n","protected":false},"author":7,"featured_media":928,"comment_status":"open","ping_status":"open","sticky":false,"template":"","format":"standard","meta":{"footnotes":"","jetpack_publicize_message":"Ricardo Bajo en el Ali Colorado en junio.","jetpack_publicize_feature_enabled":true,"jetpack_social_post_already_shared":false,"jetpack_social_options":{"image_generator_settings":{"template":"highway","default_image_id":0,"font":"","enabled":false},"version":2}},"categories":[29],"tags":[],"class_list":["post-927","post","type-post","status-publish","format-standard","has-post-thumbnail","category-te-lo-voy-a-rezar"],"jetpack_publicize_connections":[],"wpmagazine_modules_lite_featured_media_urls":{"thumbnail":["https:\/\/ajicolorado.com\/wp-content\/uploads\/2026\/08\/PHOTO-2026-08-28-12-05-13-150x150.jpg",150,150,true],"cvmm-medium":["https:\/\/ajicolorado.com\/wp-content\/uploads\/2026\/08\/PHOTO-2026-08-28-12-05-13-300x300.jpg",300,300,true],"cvmm-medium-plus":["https:\/\/ajicolorado.com\/wp-content\/uploads\/2026\/08\/PHOTO-2026-08-28-12-05-13-305x207.jpg",305,207,true],"cvmm-portrait":["https:\/\/ajicolorado.com\/wp-content\/uploads\/2026\/08\/PHOTO-2026-08-28-12-05-13-400x600.jpg",400,600,true],"cvmm-medium-square":["https:\/\/ajicolorado.com\/wp-content\/uploads\/2026\/08\/PHOTO-2026-08-28-12-05-13-600x600.jpg",600,600,true],"cvmm-large":["https:\/\/ajicolorado.com\/wp-content\/uploads\/2026\/08\/PHOTO-2026-08-28-12-05-13-1024x1024.jpg",1024,1024,true],"cvmm-small":["https:\/\/ajicolorado.com\/wp-content\/uploads\/2026\/08\/PHOTO-2026-08-28-12-05-13-130x95.jpg",130,95,true],"full":["https:\/\/ajicolorado.com\/wp-content\/uploads\/2026\/08\/PHOTO-2026-08-28-12-05-13.jpg",1600,1182,false]},"categories_names":{"29":{"name":"TE LO VOY A REZAR","link":"https:\/\/ajicolorado.com\/?cat=29"}},"tags_names":[],"comments_number":"0","brizy_media":[],"_links":{"self":[{"href":"https:\/\/ajicolorado.com\/index.php?rest_route=\/wp\/v2\/posts\/927","targetHints":{"allow":["GET"]}}],"collection":[{"href":"https:\/\/ajicolorado.com\/index.php?rest_route=\/wp\/v2\/posts"}],"about":[{"href":"https:\/\/ajicolorado.com\/index.php?rest_route=\/wp\/v2\/types\/post"}],"author":[{"embeddable":true,"href":"https:\/\/ajicolorado.com\/index.php?rest_route=\/wp\/v2\/users\/7"}],"replies":[{"embeddable":true,"href":"https:\/\/ajicolorado.com\/index.php?rest_route=%2Fwp%2Fv2%2Fcomments&post=927"}],"version-history":[{"count":3,"href":"https:\/\/ajicolorado.com\/index.php?rest_route=\/wp\/v2\/posts\/927\/revisions"}],"predecessor-version":[{"id":936,"href":"https:\/\/ajicolorado.com\/index.php?rest_route=\/wp\/v2\/posts\/927\/revisions\/936"}],"wp:featuredmedia":[{"embeddable":true,"href":"https:\/\/ajicolorado.com\/index.php?rest_route=\/wp\/v2\/media\/928"}],"wp:attachment":[{"href":"https:\/\/ajicolorado.com\/index.php?rest_route=%2Fwp%2Fv2%2Fmedia&parent=927"}],"wp:term":[{"taxonomy":"category","embeddable":true,"href":"https:\/\/ajicolorado.com\/index.php?rest_route=%2Fwp%2Fv2%2Fcategories&post=927"},{"taxonomy":"post_tag","embeddable":true,"href":"https:\/\/ajicolorado.com\/index.php?rest_route=%2Fwp%2Fv2%2Ftags&post=927"}],"curies":[{"name":"wp","href":"https:\/\/api.w.org\/{rel}","templated":true}]}}