{"id":921,"date":"2026-05-01T12:08:00","date_gmt":"2026-05-01T16:08:00","guid":{"rendered":"https:\/\/ajicolorado.com\/?p=921"},"modified":"2026-08-28T12:21:06","modified_gmt":"2026-08-28T16:21:06","slug":"callate-masista","status":"publish","type":"post","link":"https:\/\/ajicolorado.com\/?p=921","title":{"rendered":"\u00a1C\u00e1llate masista!\u00a0"},"content":{"rendered":"\n<p class=\"wp-block-paragraph\">C\u00e1llate uno: julio de 2023. <\/p>\n\n\n\n<p class=\"wp-block-paragraph\">Freddy Morales es invitado a un acto sobre periodismo y nuevas tecnolog\u00edas en la Fundaci\u00f3n Friedich Ebert (la socialdemocracia alemana) en La Paz. El evento titula \u201cTribalismo y posverdad\u201d. Est\u00e1n varios periodistas de derecha. Todos hablan durante largos minutos sobre la libertad de expresi\u00f3n. Una de las colegas menciona la reciente llegada de una comisi\u00f3n internacional de prensa que viene a auscultar el estado de las libertades medi\u00e1ticas. Est\u00e1 (muy) enojada porque la comisi\u00f3n ha escuchado a colegas de derecha y colegas de izquierda. La compa\u00f1era alude a Freddy sin citarlo. Dice mentiras. Entonces Freddy que se ha mordido la lengua toda la tarde, pide la palabra. La colega, ex directora de un ex peri\u00f3dico de derecha, se levanta y dice: \u201csi habla Freddy Morales, yo me voy; no he venido a escuchar a ese se\u00f1or\u201d. Los organizadores de la Ebert le dan la palabra a Freddy pero acotan: \u201chable pocos minutos\u201d. Freddy agarra el micr\u00f3fono y no se calla.<\/p>\n\n\n\n<p class=\"wp-block-paragraph\">C\u00e1llate dos: diciembre de 2010<\/p>\n\n\n\n<p class=\"wp-block-paragraph\">Estoy con el compa\u00f1ero Andr\u00e9s Sal.lari cubriendo la cumbre del cambio clim\u00e1tico, COP 16 para el programa \u201cContextos Salvajes\u201d de Red Patria Nueva. Estamos en Canc\u00fan, M\u00e9xico. Estamos lejos de las playas paradis\u00edacas y ese azul que solo tiene el Caribe. Venimos caminando en una marcha desde hace siete horas bajo un sol de justicia. El cord\u00f3n militar nos detiene antes de llegar al Hotel Moon Palace, lujosa sede de la Cumbre. Los compa\u00f1eros\/compa\u00f1eras marchistas se quedan al otro lado de la barricada. Pasamos con nuestras credenciales de prensa. Llego al lugar de la conferencia para periodistas. Hay cientos de colegas de todo el mundo que quieren preguntar a los organizadores en el primer d\u00eda de la Cumbre. Levanto la mano. Y levanto la mano. Una y otra vez. Estoy en una esquina, de pie.&nbsp;<\/p>\n\n\n\n<p class=\"wp-block-paragraph\">En la primera fila sentada veo a una colega boliviana de un peri\u00f3dico de derecha de Cochabamba. Ella no ha venido en la marcha caminando junto a los movimientos sociales de medio mundo. Faltar\u00eda m\u00e1s. Es una asidua permanente a estas cumbres. Cuando -por fin- me van a pasar el micr\u00f3fono para que pueda preguntar, la colega se da la vuelta y grita indignada, ante el asombro de medio auditorio: \u201cC\u00e1llate Bajo, eres un figureti de mierda\u201d. Agarro el micro y no me callo.<\/p>\n\n\n\n<p class=\"wp-block-paragraph\">C\u00e1llate tres: febrero de 2022<\/p>\n\n\n\n<p class=\"wp-block-paragraph\">Es curioso que los autoproclamados defensores a ultranza de la libertad de expresi\u00f3n son los m\u00e1s querendones de la censura. Est\u00e1n acostumbrados a que sus voces sean las \u00fanicas, a que los dem\u00e1s comamos callados. Me hacen recuerdo a un viejo y corrupto rey espa\u00f1ol (al que nadie vot\u00f3) que mand\u00f3 a callar a un presidente digno venezolano elegido por millones.<\/p>\n\n\n\n<p class=\"wp-block-paragraph\">Es \u201craro\u201d que un medio de comunicaci\u00f3n de derecha se autoproclame independiente y pluralista y tenga nombres prohibidos. En La Paz hubo uno, hundido\/fundido por la soberbia, sus mentiras y el mal manejo empresarial, donde mi apellido era mala palabra. Si sal\u00eda (por coyuntura de coberturas culturales o deportivas), el director\/la directora \u201cse iban\u201d. No estaban ah\u00ed para oir a este se\u00f1or. Borraban mi nombre incluso de p\u00e1ginas ya armadas.&nbsp;<\/p>\n\n\n\n<p class=\"wp-block-paragraph\">Es parad\u00f3jico que los que dicen respetar\/defender las libertades son los que mandan a callar. Lo hacen porque tienen miedo. Miedo a otras versiones de la historia, miedo a perder sus p\u00falpitos y privilegios de verdades \u00fanicas y absolutas.&nbsp;<\/p>\n\n\n\n<p class=\"wp-block-paragraph\">C\u00e1llate cuatro: mayo de 2026<\/p>\n\n\n\n<p class=\"wp-block-paragraph\">\u201cC\u00e1llate, masista, cierra la boca\u201d. \u00bfCu\u00e1ntas veces hemos escuchado esta frase\/grito en los \u00faltimos a\u00f1os? Acostumbrados a invisibilizar (mujeres, ind\u00edgenas, obreros, estudiantes, locos, enfermos, viejos, maricones y lesbianas, \u201cllunkus\u201d de mierda) ahora toca dar muerte civil a zurdos, comunistas, terroristas, \u201cnarcoped\u00f3filos\u201d. Nunca m\u00e1s el MAS, dicen. No critiques, no hables, no protestes, calladito: \u00bfo quieres que vuelva el MAS? Chantajes, prohibiciones, candidaturas inhabilitadas, represi\u00f3n, oscuros tejemanejes, criminalizaci\u00f3n de la leg\u00edtima protesta popular, silenciamientos ante la ola privatizadora que se viene. Disciplinamiento social ante el empobrecimiento que no cesa. Paredes mudas como en las dictaduras.<\/p>\n\n\n\n<p class=\"wp-block-paragraph\">El antimasismo no distingue: todo lo popular es masista. Dockweiler es masista (aunque haya renegado ya de su pasado). Ren\u00e9 Yahuasi es masista (aunque jure y perjure que no habla ni con Evo). La trabajadora del hogar que escucha Radio Kawsachun Coca mientras prepara la comida que ser\u00e1 servida en una mesa familiar en la que no tiene silla es masista. El portero del condominio tiene pinta de masista. Es el peor de los insultos, la descalificaci\u00f3n que cierra cualquier debate. Ellos, los paladines de la tolerancia, pasi\u00f3n de inquisidores. Nosotros, los necios.&nbsp;<\/p>\n\n\n\n<p class=\"wp-block-paragraph\">En realidad, el antimasismo se resume en una palabra: aporofobia. Es el miedo, rechazo, aversi\u00f3n o desprecio hacia las personas pobres. Es una palabra acu\u00f1ada en los 90 por la fil\u00f3sofa espa\u00f1ola Adela Cortina. Proviene del griego \u00e1poros (pobre) y f\u00f3bos (miedo). Durante los catorce a\u00f1os de masismo\/evismo, los se\u00f1oros\/se\u00f1oras que hoy gobiernan tuvieron medios y palestras medi\u00e1ticas (muchas de ellas contaron incluso con publicidad del gobierno).&nbsp;<\/p>\n\n\n\n<p class=\"wp-block-paragraph\">Nota mental: \u201ccompa\u00f1ero, ponemos avisos en los medios de la derecha para que se oiga ah\u00ed nuestra voz\u201d. Esos se\u00f1oros\/se\u00f1oras hoy silencian voces cr\u00edticas, bajan p\u00e1ginas, ahogan canales, sepultan el pluralismo que ayer dec\u00edan defender. La hipotenusa, la hipocres\u00eda nom\u00e1s.&nbsp;<\/p>\n\n\n\n<p class=\"wp-block-paragraph\">A principios del siglo viv\u00edamos en Bolivia en una situaci\u00f3n similar a la actual: reinaba el neoliberalismo privatizador, la \u201cjuntucha\u201d, la \u201cmega\u201d-coalici\u00f3n. Citaban (mal) a Fukuyama: hab\u00eda que callarse, la lucha de clases termin\u00f3, el fin de la historia hab\u00eda llegado. No merec\u00eda la pena luchar, caerse, levantarse, luchar otra vez. No exist\u00edan medios con voces diferentes, apenas algunos alternativos (como El Juguete Rabioso).&nbsp;<\/p>\n\n\n\n<p class=\"wp-block-paragraph\">Hoy, entre la basura, surgen flores; hoy entre el asfalto y el cemento agresivo, brota una plantita, contra viento y marea. \u201cAj\u00ed colorado, palabras picantes\u201d es una peque\u00f1a flor, acaso un reto\u00f1o, apenas un pimpollo, que solo necesita un poco de sol, unas gotas de agua. Citando a uno de los suyos: \u201cse mide la salud democr\u00e1tica de un pa\u00eds evaluando la diversidad de opiniones y el esp\u00edritu cr\u00edtico de sus medios de comunicaci\u00f3n\u201d (Mario Vargas Llosa).&nbsp;\u201cAj\u00ed colorado, palabras picantes\u201d llega para no callarnos y cuenta con Alejandro Salazar\/\u00bbAl Azar\u00bb como buque insignia. Citando a una de las nuestras: \u201ccuando tenga la tierra, sembrar\u00e9 las palabras\u201d (Mercedes Sosa). Este quincenal -que ha visto la luz digital un primero combativo de mayo- nace para sembrar una orquesta de voces donde escriben\/cantan los que piensan, donde las palabras caminan de nuevo.&nbsp;<\/p>\n","protected":false},"excerpt":{"rendered":"<p>C\u00e1llate uno: julio de 2023. Freddy Morales es invitado a un acto sobre periodismo y nuevas tecnolog\u00edas en la Fundaci\u00f3n Friedich Ebert (la socialdemocracia alemana) en La Paz. El evento titula \u201cTribalismo y posverdad\u201d. Est\u00e1n varios periodistas de derecha. Todos hablan durante largos minutos sobre la libertad de expresi\u00f3n. Una de las colegas menciona la [&hellip;]<\/p>\n","protected":false},"author":7,"featured_media":922,"comment_status":"open","ping_status":"open","sticky":false,"template":"","format":"standard","meta":{"footnotes":"","jetpack_publicize_message":"Recuperamos un pol\u00e9mico y profundo art\u00edculo de Ricardo Bajo","jetpack_publicize_feature_enabled":true,"jetpack_social_post_already_shared":false,"jetpack_social_options":{"image_generator_settings":{"template":"highway","default_image_id":0,"font":"","enabled":false},"version":2}},"categories":[29],"tags":[],"class_list":["post-921","post","type-post","status-publish","format-standard","has-post-thumbnail","category-te-lo-voy-a-rezar"],"jetpack_publicize_connections":[],"wpmagazine_modules_lite_featured_media_urls":{"thumbnail":["https:\/\/ajicolorado.com\/wp-content\/uploads\/2026\/08\/PHOTO-2026-08-28-12-04-41-150x150.jpg",150,150,true],"cvmm-medium":["https:\/\/ajicolorado.com\/wp-content\/uploads\/2026\/08\/PHOTO-2026-08-28-12-04-41-300x300.jpg",300,300,true],"cvmm-medium-plus":["https:\/\/ajicolorado.com\/wp-content\/uploads\/2026\/08\/PHOTO-2026-08-28-12-04-41-305x207.jpg",305,207,true],"cvmm-portrait":["https:\/\/ajicolorado.com\/wp-content\/uploads\/2026\/08\/PHOTO-2026-08-28-12-04-41-400x600.jpg",400,600,true],"cvmm-medium-square":["https:\/\/ajicolorado.com\/wp-content\/uploads\/2026\/08\/PHOTO-2026-08-28-12-04-41-600x600.jpg",600,600,true],"cvmm-large":["https:\/\/ajicolorado.com\/wp-content\/uploads\/2026\/08\/PHOTO-2026-08-28-12-04-41-1024x827.jpg",1024,827,true],"cvmm-small":["https:\/\/ajicolorado.com\/wp-content\/uploads\/2026\/08\/PHOTO-2026-08-28-12-04-41-130x95.jpg",130,95,true],"full":["https:\/\/ajicolorado.com\/wp-content\/uploads\/2026\/08\/PHOTO-2026-08-28-12-04-41.jpg",1600,827,false]},"categories_names":{"29":{"name":"TE LO VOY A REZAR","link":"https:\/\/ajicolorado.com\/?cat=29"}},"tags_names":[],"comments_number":"0","brizy_media":[],"_links":{"self":[{"href":"https:\/\/ajicolorado.com\/index.php?rest_route=\/wp\/v2\/posts\/921","targetHints":{"allow":["GET"]}}],"collection":[{"href":"https:\/\/ajicolorado.com\/index.php?rest_route=\/wp\/v2\/posts"}],"about":[{"href":"https:\/\/ajicolorado.com\/index.php?rest_route=\/wp\/v2\/types\/post"}],"author":[{"embeddable":true,"href":"https:\/\/ajicolorado.com\/index.php?rest_route=\/wp\/v2\/users\/7"}],"replies":[{"embeddable":true,"href":"https:\/\/ajicolorado.com\/index.php?rest_route=%2Fwp%2Fv2%2Fcomments&post=921"}],"version-history":[{"count":2,"href":"https:\/\/ajicolorado.com\/index.php?rest_route=\/wp\/v2\/posts\/921\/revisions"}],"predecessor-version":[{"id":934,"href":"https:\/\/ajicolorado.com\/index.php?rest_route=\/wp\/v2\/posts\/921\/revisions\/934"}],"wp:featuredmedia":[{"embeddable":true,"href":"https:\/\/ajicolorado.com\/index.php?rest_route=\/wp\/v2\/media\/922"}],"wp:attachment":[{"href":"https:\/\/ajicolorado.com\/index.php?rest_route=%2Fwp%2Fv2%2Fmedia&parent=921"}],"wp:term":[{"taxonomy":"category","embeddable":true,"href":"https:\/\/ajicolorado.com\/index.php?rest_route=%2Fwp%2Fv2%2Fcategories&post=921"},{"taxonomy":"post_tag","embeddable":true,"href":"https:\/\/ajicolorado.com\/index.php?rest_route=%2Fwp%2Fv2%2Ftags&post=921"}],"curies":[{"name":"wp","href":"https:\/\/api.w.org\/{rel}","templated":true}]}}