{"id":917,"date":"2026-08-27T08:47:17","date_gmt":"2026-08-27T12:47:17","guid":{"rendered":"https:\/\/ajicolorado.com\/?p=917"},"modified":"2026-08-27T08:58:53","modified_gmt":"2026-08-27T12:58:53","slug":"el-silencio-de-rodrigo","status":"publish","type":"post","link":"https:\/\/ajicolorado.com\/?p=917","title":{"rendered":"El silencio de Rodrigo"},"content":{"rendered":"\n<p class=\"wp-block-paragraph\">Nadia Beller sobrevivi\u00f3 a tres disparos de sicarios, embarazada, a la salida de un hotel en Santa Cruz. Desde la cl\u00ednica, se\u00f1al\u00f3 a su expareja y hasta entonces asesor presidencial, Fernando Cerimedo, como el autor intelectual del ataque. Y no se qued\u00f3 ah\u00ed: acus\u00f3 p\u00fablicamente que los \u00abnegociados\u00bb con la gasolina, el di\u00e9sel y el oro involucran, en sus palabras, al gobierno de Rodrigo Paz, a su esposa, Mar\u00eda Elena Urquidi Barbery, y a la familia de ella, con Cerimedo como operador. Son se\u00f1alamientos grav\u00edsimos, hasta ahora no probados ni documentados por la justicia, pero p\u00fablicos y sostenidos por la propia v\u00edctima. Frente a eso, el presidente eligi\u00f3 el silencio. Han pasado m\u00e1s de diez d\u00edas y Rodrigo Paz no ha dicho una sola palabra sobre el hombre que trabaj\u00f3 a su lado, con oficina en el piso 23 del Palacio de Gobierno, frente a la suya.<\/p>\n\n\n\n<p class=\"wp-block-paragraph\">\u00bfQu\u00e9 te pasa, Rodrigo? El pueblo merece una explicaci\u00f3n. No hablamos de un rumor de pasillo: hablamos de una mujer que asegura haber fotografiado cajones llenos de billetes en el domicilio de tu asesor, que dice que facturaba 800 mil d\u00f3lares al mes sin que se sepa a qui\u00e9n ni por qu\u00e9, y de una Fiscal\u00eda que allan\u00f3 esa vivienda y encontr\u00f3 dinero, un veh\u00edculo oficial y tarjetas de presentaci\u00f3n con el sello de la Presidencia. \u00bfDe d\u00f3nde sali\u00f3 tanto dinero, se\u00f1or Presidente? Es una pregunta leg\u00edtima y el pueblo tiene derecho a una respuesta, no a un vocero que reduce un intento de feminicidio con acusaciones de corrupci\u00f3n de por medio a un simple \u00abtema de pareja\u00bb.<\/p>\n\n\n\n<p class=\"wp-block-paragraph\">Y ese silencio duele m\u00e1s porque llega en el peor momento posible. Mientras Cerimedo maneja cifras que ni el boliviano promedio puede imaginar, la gente hace filas de horas para conseguir di\u00e9sel, el d\u00f3lar paralelo se dispara y la escasez de divisas obliga al propio gobierno a admitir un d\u00e9ficit de cientos de millones de d\u00f3lares para sostener el suministro de combustible. La inflaci\u00f3n de alimentos ronda cifras que no se ve\u00edan en a\u00f1os y la canasta familiar es cada vez m\u00e1s inalcanzable. Que mientras el pueblo hace cola para llenar un tanque, alguien en la \u00f3rbita del poder maneje semejantes sumas sin que nadie explique su origen, no es solo una mala se\u00f1al: es una burla a la necesidad de la gente.<\/p>\n\n\n\n<p class=\"wp-block-paragraph\">Como si fuera poco, el propio gabinete econ\u00f3mico de Paz no est\u00e1 exento de la misma sospecha. Jos\u00e9 Gabriel Espinoza, hasta hace d\u00edas ministro de Econom\u00eda y encargado de pedirle sacrificios al pueblo en nombre del ajuste fiscal, fue denunciado por comprar una camioneta Audi Q4 de lujo declarando en la escritura apenas 50.000 bolivianos, unos 5.700 d\u00f3lares, por un veh\u00edculo que en el mercado cuesta entre 60.000 y 70.000 d\u00f3lares. La Fiscal\u00eda abri\u00f3 investigaci\u00f3n penal por presunta falsedad de documentos y evasi\u00f3n de impuestos. El Legislativo termin\u00f3 censur\u00e1ndolo y Paz tuvo que destituirlo, no por convicci\u00f3n propia, sino porque la ley lo oblig\u00f3. El \u00abministro Audi\u00bb, le llamaron. As\u00ed de descarado: el mismo funcionario que administra el ajuste que golpea al pueblo trabajador, comprando un auto de lujo y declarando una cifra que ni de cerca se ajusta a la realidad.<\/p>\n\n\n\n<p class=\"wp-block-paragraph\">Y mientras Rodrigo guarda silencio sobre lo que pasa en su propio entorno, la justicia parece tener dos varas completamente distintas seg\u00fan de qui\u00e9n se trate. Ah\u00ed est\u00e1 el caso de las 32 maletas de la exdiputada Laura Rojas: llegaron desde Estados Unidos en un vuelo ch\u00e1rter, ingresaron sin control aduanero gracias a un pasaporte diplom\u00e1tico que ya no le correspond\u00eda, y terminaron ligadas a un galp\u00f3n donde la polic\u00eda, en lugar de las valijas, encontr\u00f3 m\u00e1s de 70 kilos de marihuana. Ese galp\u00f3n, seg\u00fan las propias investigaciones period\u00edsticas, pertenece a una empresa de seguridad vinculada a un juez del caso, un dato que hasta hoy nadie en el poder se ha dignado a explicar con claridad. Rojas estuvo detenida preventivamente m\u00e1s de 200 d\u00edas en Palmasola, imputada por narcotr\u00e1fico, legitimaci\u00f3n de ganancias il\u00edcitas y asociaci\u00f3n delictuosa. Y hace pocos d\u00edas, sali\u00f3: detenci\u00f3n domiciliaria. Ese es el est\u00e1ndar real de la \u00ablucha contra el narcotr\u00e1fico\u00bb de la que tanto se llena la boca este gobierno: una exlegisladora vinculada a decenas de kilos de droga sale a su casa, mientras el \u00abministro Audi\u00bb se va tranquilo a su casa tambi\u00e9n, y el asesor de los cajones de billetes&#8230; nos queda claro, en Bolivia la \u201cjusticias\u201d castiga la pobreza y mira pal otro lado si de millones se trata.&nbsp;<\/p>\n\n\n\n<p class=\"wp-block-paragraph\">\u00bfY el gobierno? Calla. Calla ante el asesor con los cajones de dinero sin explicar. Calla ante el ministro del Audi maquillado. Calla ante el galp\u00f3n del juez y la droga que apareci\u00f3 donde deb\u00edan estar las maletas de una diputada de su propia coalici\u00f3n de intereses pol\u00edticos. Un patr\u00f3n se repite una y otra vez: cuando la corrupci\u00f3n toca a alguien cercano al poder, la respuesta oficial es el silencio, la minimizaci\u00f3n o, en el mejor de los casos, un comunicado tibio. Cuando se trata del pueblo, en cambio, no hay silencio: hay ajuste, hay filas para el di\u00e9sel, hay un d\u00f3lar que no baja y una canasta familiar que cada semana cuesta m\u00e1s.<\/p>\n\n\n\n<p class=\"wp-block-paragraph\">Y por si esto fuera poco, mientras el pueblo hace filas de horas para conseguir di\u00e9sel, el propio presidente se permiti\u00f3, apenas ayer, una frase que deber\u00eda indignar a cualquier boliviano: dijo que esos recursos \u00abse podr\u00edan ir en hidrocarburos, o se podr\u00edan ir en losetas\u00bb, que la plata \u00abse puede ir en hospitales, se puede ir en colegios [&#8230;] o puede irse en el gasto de hidrocarburos\u00bb. \u00bfPerd\u00f3n? \u00bfDesde cu\u00e1ndo comprar el combustible que mueve el transporte, la producci\u00f3n y la vida cotidiana del pa\u00eds es un lujo que compite con hospitales y escuelas, y no una obligaci\u00f3n b\u00e1sica del Estado? Ese dinero, se\u00f1or \u201cPresidente\u201d, es del pueblo en cualquiera de los dos destinos. No hay \u00abelecci\u00f3n\u00bb generosa de su parte: hay un Estado que no logra garantizar ni lo uno ni lo otro con la eficiencia que promete, y que ahora quiere hacer parecer un sacrificio heroico lo que es, sencillamente, incapacidad de gesti\u00f3n. \u00bfCree este gobierno que el pueblo es tonto? Porque hacer fila para pagar la gasolina y el di\u00e9sel sin subvenci\u00f3n, mientras se anuncia semejante disyuntiva, suena m\u00e1s a insulto que a plan de gobierno.<\/p>\n\n\n\n<p class=\"wp-block-paragraph\">Y las contradicciones no terminan ah\u00ed. El mismo ministro Zamora que sali\u00f3 a decir que el caso Cerimedo era \u00abun tema de pareja\u00bb que no ameritaba pronunciamiento presidencial, tiene sobre s\u00ed una denuncia de un diputado que asegura que cuenta con una sentencia ejecutoriada por falso testimonio desde 2020, lo que, seg\u00fan la propia Constituci\u00f3n, lo inhabilitar\u00eda para ejercer como autoridad. El Gobierno lo niega y el ministro sigue en su cargo, pero cabe la pregunta: \u00bfcon qu\u00e9 autoridad moral exige un funcionario con ese antecedente sobre la mesa que el pueblo no cuestione el silencio presidencial? Ese mismo patr\u00f3n, denuncia grave, respuesta tibia o inexistente, la autoridad sigue como si nada, se repite una y otra vez en este gobierno y no es un hecho aislado.<\/p>\n\n\n\n<p class=\"wp-block-paragraph\">\u00bfComplicidad o simple incompetencia? Y no hablamos solo del caso Cerimedo, hablamos de sobreprecio de hasta 4 millones de d\u00f3lares mensuales en la compra de petr\u00f3leo crudo, comparado con lo que pagaba la gesti\u00f3n anterior, adem\u00e1s de denuncias sobre \u00abgasolina basura\u00bb que habr\u00eda da\u00f1ado miles de veh\u00edculos en el pa\u00eds por controles de calidad flexibilizados. La lista de altas autoridades del sector energ\u00e9tico que quedaron fuera de la investigaci\u00f3n oficial, mientras se acusa a los mandos medios, gener\u00f3 ruido hasta en el propio Legislativo. Y cuando esas denuncias se volvieron inc\u00f3modas, un medio que las difund\u00eda fue blanco de un ataque digital coordinado que una diputada denunci\u00f3 como una operaci\u00f3n de 2,5 millones de d\u00f3lares para silenciarlo. Sea o no exacta cada cifra, el patr\u00f3n es el mismo: cuando la corrupci\u00f3n se acerca al poder, el Estado no investiga con la misma velocidad con la que persigue a quien denuncia. El pueblo exige respuestas, no evasivas. Un gobierno que calla ante acusaciones de corrupci\u00f3n que tocan a su propio entorno, que calla ante un asesor con cajones de dinero sin origen claro, que calla ante un ministro con un Audi de precio maquillado, mientras exige al pueblo que apriete el cintur\u00f3n, no puede pedir despu\u00e9s que se conf\u00ede en su palabra. Si no hay nada que ocultar, como insiste el oficialismo, entonces que se hable. Que se expliquen los negociados, que se explique el dinero de Cerimedo, que se explique el Audi. El silencio prolongado no es neutralidad: es, negligencia, es complicidad.<\/p>\n\n\n\n<p class=\"wp-block-paragraph\">El pueblo boliviano merece saber qu\u00e9 est\u00e1 pasando con su dinero, con su combustible, con su moneda cada vez m\u00e1s devaluada, mientras algunos, muy cerca del poder, parecen vivir en otra realidad. Las preguntas est\u00e1n sobre la mesa desde hace m\u00e1s de una semana; y Rodrigo guarda silencio.<\/p>\n","protected":false},"excerpt":{"rendered":"<p>Nadia Beller sobrevivi\u00f3 a tres disparos de sicarios, embarazada, a la salida de un hotel en Santa Cruz. Desde la cl\u00ednica, se\u00f1al\u00f3 a su expareja y hasta entonces asesor presidencial, Fernando Cerimedo, como el autor intelectual del ataque. Y no se qued\u00f3 ah\u00ed: acus\u00f3 p\u00fablicamente que los \u00abnegociados\u00bb con la gasolina, el di\u00e9sel y el [&hellip;]<\/p>\n","protected":false},"author":24,"featured_media":919,"comment_status":"open","ping_status":"open","sticky":false,"template":"","format":"standard","meta":{"footnotes":"","jetpack_publicize_message":"","jetpack_publicize_feature_enabled":true,"jetpack_social_post_already_shared":true,"jetpack_social_options":{"image_generator_settings":{"template":"highway","default_image_id":0,"font":"","enabled":false},"version":2}},"categories":[4,3],"tags":[],"class_list":["post-917","post","type-post","status-publish","format-standard","has-post-thumbnail","category-articulos","category-muy-picante"],"jetpack_publicize_connections":[],"wpmagazine_modules_lite_featured_media_urls":{"thumbnail":["https:\/\/ajicolorado.com\/wp-content\/uploads\/2026\/08\/rodrigo-150x150.jpg",150,150,true],"cvmm-medium":["https:\/\/ajicolorado.com\/wp-content\/uploads\/2026\/08\/rodrigo.jpg",168,186,false],"cvmm-medium-plus":["https:\/\/ajicolorado.com\/wp-content\/uploads\/2026\/08\/rodrigo.jpg",168,186,false],"cvmm-portrait":["https:\/\/ajicolorado.com\/wp-content\/uploads\/2026\/08\/rodrigo.jpg",168,186,false],"cvmm-medium-square":["https:\/\/ajicolorado.com\/wp-content\/uploads\/2026\/08\/rodrigo.jpg",168,186,false],"cvmm-large":["https:\/\/ajicolorado.com\/wp-content\/uploads\/2026\/08\/rodrigo.jpg",168,186,false],"cvmm-small":["https:\/\/ajicolorado.com\/wp-content\/uploads\/2026\/08\/rodrigo-130x95.jpg",130,95,true],"full":["https:\/\/ajicolorado.com\/wp-content\/uploads\/2026\/08\/rodrigo.jpg",168,186,false]},"categories_names":{"4":{"name":"ART\u00cdCULOS","link":"https:\/\/ajicolorado.com\/?cat=4"},"3":{"name":"MUY PICANTE","link":"https:\/\/ajicolorado.com\/?cat=3"}},"tags_names":[],"comments_number":"0","brizy_media":[],"_links":{"self":[{"href":"https:\/\/ajicolorado.com\/index.php?rest_route=\/wp\/v2\/posts\/917","targetHints":{"allow":["GET"]}}],"collection":[{"href":"https:\/\/ajicolorado.com\/index.php?rest_route=\/wp\/v2\/posts"}],"about":[{"href":"https:\/\/ajicolorado.com\/index.php?rest_route=\/wp\/v2\/types\/post"}],"author":[{"embeddable":true,"href":"https:\/\/ajicolorado.com\/index.php?rest_route=\/wp\/v2\/users\/24"}],"replies":[{"embeddable":true,"href":"https:\/\/ajicolorado.com\/index.php?rest_route=%2Fwp%2Fv2%2Fcomments&post=917"}],"version-history":[{"count":1,"href":"https:\/\/ajicolorado.com\/index.php?rest_route=\/wp\/v2\/posts\/917\/revisions"}],"predecessor-version":[{"id":918,"href":"https:\/\/ajicolorado.com\/index.php?rest_route=\/wp\/v2\/posts\/917\/revisions\/918"}],"wp:featuredmedia":[{"embeddable":true,"href":"https:\/\/ajicolorado.com\/index.php?rest_route=\/wp\/v2\/media\/919"}],"wp:attachment":[{"href":"https:\/\/ajicolorado.com\/index.php?rest_route=%2Fwp%2Fv2%2Fmedia&parent=917"}],"wp:term":[{"taxonomy":"category","embeddable":true,"href":"https:\/\/ajicolorado.com\/index.php?rest_route=%2Fwp%2Fv2%2Fcategories&post=917"},{"taxonomy":"post_tag","embeddable":true,"href":"https:\/\/ajicolorado.com\/index.php?rest_route=%2Fwp%2Fv2%2Ftags&post=917"}],"curies":[{"name":"wp","href":"https:\/\/api.w.org\/{rel}","templated":true}]}}