{"id":913,"date":"2026-08-24T19:45:15","date_gmt":"2026-08-24T23:45:15","guid":{"rendered":"https:\/\/ajicolorado.com\/?p=913"},"modified":"2026-08-24T19:45:16","modified_gmt":"2026-08-24T23:45:16","slug":"conoces-alguien-que-haga-el-trabajo","status":"publish","type":"post","link":"https:\/\/ajicolorado.com\/?p=913","title":{"rendered":"\u00bfConoces alguien que haga el trabajo?"},"content":{"rendered":"\n<p class=\"wp-block-paragraph\">El argentino adquiri\u00f3 protagonismo en la segunda vuelta de las elecciones nacionales en 2025, probablemente fue Duran Barba, quien trabajaba para Tuto Quiroga, que lo desvel\u00f3 junto a las mejores condiciones econ\u00f3micas de la campa\u00f1a de Paz. Cerimedo fue un oportunista y las estrategias de campa\u00f1a a trav\u00e9s de bots siempre tienen como prop\u00f3sito la destrucci\u00f3n del adversario a trav\u00e9s de mensajes negativos, multiplicados por miles a trav\u00e9s de los sistemas que poseen estos manipuladores de la verdad.<\/p>\n\n\n\n<p class=\"wp-block-paragraph\">El espionaje electoral detect\u00f3 viajes en avion y la existencia de un asesor extranjero con antecedentes, especialmente en Brasil, donde tiene acusaciones por participar en el intento de golpe de Estado que protagoniz\u00f3 Bolsonaro y por el que actualmente el ex presidente de extrema derecha cumple una condena. Vistas las cosas, Cerimedo parece un sujeto capaz de planear acciones criminales de magnitud.<\/p>\n\n\n\n<p class=\"wp-block-paragraph\">Es posible que Dur\u00e1n Barba haya sido consciente que tendr\u00eda efectivamente un adversario en el sub mundo de las redes sociales que podr\u00eda darle batalla en esa especialidad de los consultores pol\u00edticos, la guerra sucia, por eso lo denunci\u00f3. Una pieza de alguna cuenta del candidato a vicepresidente, Juan Pablo Velasco, expresaba racismo, confirmando lo que en la primera vuelta hab\u00eda definido, era m\u00e1s seguro votar por un polic\u00eda histri\u00f3nico que por un cruce\u00f1o racista.<\/p>\n\n\n\n<p class=\"wp-block-paragraph\">La historia de los asesores extranjeros en las campa\u00f1as del pa\u00eds refleja la solvencia financiera de las candidaturas, en los \u00faltimos a\u00f1os, la especialidad del manejo de granjas de bots han demostrado que, en momentos de extrema exposici\u00f3n y sensibilidad a tomar decisiones, las redes sociales son capaces de persuadir a las personas por qui\u00e9n votar.<\/p>\n\n\n\n<p class=\"wp-block-paragraph\">Es \u201cel profesor de mi hija\u201d respondi\u00f3 Rodrigo Paz ante las interrogantes sobre la presencia de Fernando Cerimedo, busc\u00f3 en su gaveta de frases alguna que se adecu\u00e9 a la circunstancia, no hab\u00eda tiempo que perder, el objetivo para ellos era ganar y as\u00ed fue, ganaron.<\/p>\n\n\n\n<p class=\"wp-block-paragraph\">Luego el propio Paz, que no parece tener mucha idea del funcionamiento de estos sistemas, atribuy\u00f3 al tel\u00e9fono de su hija, Catalina, la victoria electoral en segunda vuelta, algo que ahora puede tener sentido porque esa afirmaci\u00f3n debe entenderse como el reconocimiento de la utilizaci\u00f3n de granjas de bots para manipular la decisi\u00f3n electoral de la ciudadan\u00eda.<\/p>\n\n\n\n<p class=\"wp-block-paragraph\">Las herramientas t\u00e1cticas de los equipos de campa\u00f1a y las que determinan los resultados de su trabajo tienen l\u00edmites, el principal es que no son \u00fatiles para gobernar, para tomar decisiones. En este escenario la automatizaci\u00f3n pierde sentido, casi tanto como la guerra sucia porque desde el gobierno existe la obligaci\u00f3n de tomar la iniciativa y proponer, antes que dedicarse a destruir adversarios que en este punto son formalmente oposici\u00f3n y la Asamblea Legislativa es el escenario para expresar sus opiniones. Por ello se conforman gabinetes de gobierno donde cada una de las carteras tiene una responsabilidad mucho m\u00e1s grande, mucho m\u00e1s importante, mucho m\u00e1s trascendente, gobernar, pero el mandatario no lo entendi\u00f3 de ese modo y se concentr\u00f3 en atacar, en mirar atr\u00e1s de una manera odiosa, de hablar de veinte a\u00f1os, de cloacas, de mafias y otras aventuras que no resolv\u00edan los problemas y apenas si eran \u00fatiles para comprenderlos.<\/p>\n\n\n\n<p class=\"wp-block-paragraph\">El terrible plan elaborado para asesinar a una mujer embarazada, da cuenta de los alcances de maldad que tiene Cerimedo. Tambi\u00e9n es una manera de comprender que si en la primera vuelta, la alta presencia de Edman Lara en redes sociales hab\u00eda logrado absorber los votos en desbande del Instrumento Pol\u00edtico del bloque popular, en la segunda, la estrategia se hab\u00eda reforzado con la infraestructura de Cerimedo y de este modo, adem\u00e1s, la existencia del vicepresidente en el esquema gubernamental no era necesaria y podr\u00eda considerarse una prueba de control de la granja del argentino.<\/p>\n\n\n\n<p class=\"wp-block-paragraph\">El ya presidente Paz Pereira, parec\u00eda satisfecho con que Cerimedo fuese intenso en la gesti\u00f3n de su cuenta en X, agresivo como pocos, muy lejos de las discusiones al interior de Bolivia, inc\u00f3modo, grosero con los adversarios e incluso con quienes se mostraban entusiastas con el nuevo gobierno, una tranca para muchos ministros que decidieron renunciar acusando directamente al Asesor Personal del presidente que (por lo menos o para colmo) no recibe dinero estatal, como dijo entonces el exministro de la presidencia Jos\u00e9 Luis Lupo.<\/p>\n\n\n\n<p class=\"wp-block-paragraph\">La noche del lunes 17 de agosto, dos sicarios abordaron a Nadia Beller, le dispararon a quemarropa tres veces, ella acus\u00f3 a Cerimedo cuando fue asistida m\u00e9dicamente, la polic\u00eda detuvo al argentino quien supuestamente abord\u00f3 un vuelo de La Paz a Santa Cruz con el prop\u00f3sito de continuar a la Argentina, aunque otra versi\u00f3n afirma que siempre estuvo en la capital cruce\u00f1a, el hecho es que fue detenido en Viru Viru y en horas fue imputado por el atentado.<\/p>\n\n\n\n<p class=\"wp-block-paragraph\">La primera entrevista que ofreci\u00f3 Nadia Beller fue, como ella misma lo manifest\u00f3, la \u00fanica garant\u00eda de su propia vida. Con desesperaci\u00f3n tem\u00eda que los sicarios vuelvan por ella para concluir el trabajo iniciado en las puertas de un hotel y entonces lanz\u00f3 la m\u00e1s contundente de sus afirmaciones, no gobierna el presidente, lo hace Cerimedo.<\/p>\n\n\n\n<p class=\"wp-block-paragraph\">El contexto gubernamental muestra un grupo agobiado por la salida de varias autoridades, ministros y viceministros abandonan el cargo en fila desde hace semanas atr\u00e1s. El presidente Paz ha demostrado que no tiene recursos humanos destacados para asumir responsabilidades de Estado, as\u00ed, ha decidido anular carteras estrat\u00e9gicas como Turismo, Culturas o Planificaci\u00f3n.&nbsp;<\/p>\n\n\n\n<p class=\"wp-block-paragraph\">Algunos viceministros han asumido la responsabilidad ascendiendo a ministros, otros han cambiado de cartera para hacer m\u00e1s peque\u00f1o el gobierno en un repliegue peligroso porque deja de lado \u00e1reas y acciones estrat\u00e9gicas que resuelvan la crisis econ\u00f3mica que se ha descontrolado en los combustibles.<\/p>\n\n\n\n<p class=\"wp-block-paragraph\">D\u00edas antes, el ministro de Econom\u00eda fue denunciado por adulterar su declaraci\u00f3n jurada como ministro y adquirir un veh\u00edculo que tiene fama de ser costoso y lujoso, aunque Espinoza respondi\u00f3 con soberbia que no era as\u00ed, que estos autos se ensamblan en China, que los errores de una tramitadora hab\u00edan equivocado el monto de la declaraci\u00f3n y en definitiva, subestimando la inteligencia de la gente, demostr\u00f3 su ignorancia sobre la gravedad de las acusaciones y el tremendo da\u00f1o que le hac\u00eda a la imagen \u00e9tica del gobierno. Censurado por la Asamblea Legislativa intent\u00f3 apelar a un recurso muchas veces conocido en el mal gobierno de Arce Catacora, apelar a un incompleto Tribunal Constitucional para impedir su destituci\u00f3n aunque una m\u00ednima cantidad de sensatez le llev\u00f3 a retirar aquel recurso.<\/p>\n\n\n\n<p class=\"wp-block-paragraph\">Casi simult\u00e1neamente, el presidente de la Caja Nacional de Salud apareci\u00f3 con siete millones en su cuenta despu\u00e9s de haber iniciado su gesti\u00f3n con algo m\u00e1s mil bolivianos, era una persona desconocida, salvo que luego se supo que es el m\u00e9dico personal del ex presidente Jaime Paz Zamora, padre de Rodrigo.<\/p>\n\n\n\n<p class=\"wp-block-paragraph\">Una ola de sicariatos en municipios de frontera con Brasil, oblig\u00f3 al ministerio de gobierno a pedir ayuda a la polic\u00eda federal de Brasil para enfrentar el problema con una serie de operativos que capturaron avionetas, droga, armas y villanos, el descontrol del narcotr\u00e1fico es evidente y con ello la inseguridad ciudadana, mientras el ministro de gobierno cada vez menos gentil con la prensa, se esfuerza por no dar explicaciones frente a lo que entre maletas, maderas, sicarios y polic\u00edas muestran que los temas de esa cartera no pueden aun ser controlados.<\/p>\n\n\n\n<p class=\"wp-block-paragraph\">Las filas para gasolina y di\u00e9sel son inagotables, las soluciones en este tema siempre fueron peores, primero el incremento de los precios, despu\u00e9s la gasolina basura que da\u00f1\u00f3 miles de veh\u00edculos y siempre las filas y la escases.<\/p>\n\n\n\n<p class=\"wp-block-paragraph\">En la noche del lunes 17 de agosto, exactamente un a\u00f1o despu\u00e9s de haber ganado la primera vuelta de las elecciones nacionales en un contexto sorpresivo, dos sicarios atacaban violentamente a la se\u00f1ora Nadia Beller con tres disparos que no fueron mortales, pero dieron inicio a la crisis pol\u00edtica m\u00e1s importante del gobierno de Paz Pereira que pasa varios d\u00edas sin decir absolutamente nada.<\/p>\n\n\n\n<p class=\"wp-block-paragraph\">Cuando pensamos en el pa\u00eds, la escasez de combustible, el incremento de los precios de los alimentos, la falta de decisiones estrat\u00e9gicas y un plan de gobierno, la ausencia de explicaciones nos traen la pregunta a nuestra propia realidad \u00bfconoces alguien que haga el trabajo?<\/p>\n","protected":false},"excerpt":{"rendered":"<p>El argentino adquiri\u00f3 protagonismo en la segunda vuelta de las elecciones nacionales en 2025, probablemente fue Duran Barba, quien trabajaba para Tuto Quiroga, que lo desvel\u00f3 junto a las mejores condiciones econ\u00f3micas de la campa\u00f1a de Paz. Cerimedo fue un oportunista y las estrategias de campa\u00f1a a trav\u00e9s de bots siempre tienen como prop\u00f3sito la [&hellip;]<\/p>\n","protected":false},"author":9,"featured_media":914,"comment_status":"open","ping_status":"open","sticky":false,"template":"","format":"standard","meta":{"footnotes":"","jetpack_publicize_message":"","jetpack_publicize_feature_enabled":true,"jetpack_social_post_already_shared":true,"jetpack_social_options":{"image_generator_settings":{"template":"highway","default_image_id":0,"font":"","enabled":false},"version":2}},"categories":[4,3],"tags":[],"class_list":["post-913","post","type-post","status-publish","format-standard","has-post-thumbnail","category-articulos","category-muy-picante"],"jetpack_publicize_connections":[],"wpmagazine_modules_lite_featured_media_urls":{"thumbnail":["https:\/\/ajicolorado.com\/wp-content\/uploads\/2026\/08\/channels4_profile-150x150.jpg",150,150,true],"cvmm-medium":["https:\/\/ajicolorado.com\/wp-content\/uploads\/2026\/08\/channels4_profile-300x300.jpg",300,300,true],"cvmm-medium-plus":["https:\/\/ajicolorado.com\/wp-content\/uploads\/2026\/08\/channels4_profile-305x207.jpg",305,207,true],"cvmm-portrait":["https:\/\/ajicolorado.com\/wp-content\/uploads\/2026\/08\/channels4_profile-400x600.jpg",400,600,true],"cvmm-medium-square":["https:\/\/ajicolorado.com\/wp-content\/uploads\/2026\/08\/channels4_profile-600x600.jpg",600,600,true],"cvmm-large":["https:\/\/ajicolorado.com\/wp-content\/uploads\/2026\/08\/channels4_profile.jpg",900,900,false],"cvmm-small":["https:\/\/ajicolorado.com\/wp-content\/uploads\/2026\/08\/channels4_profile-130x95.jpg",130,95,true],"full":["https:\/\/ajicolorado.com\/wp-content\/uploads\/2026\/08\/channels4_profile.jpg",900,900,false]},"categories_names":{"4":{"name":"ART\u00cdCULOS","link":"https:\/\/ajicolorado.com\/?cat=4"},"3":{"name":"MUY PICANTE","link":"https:\/\/ajicolorado.com\/?cat=3"}},"tags_names":[],"comments_number":"0","brizy_media":[],"_links":{"self":[{"href":"https:\/\/ajicolorado.com\/index.php?rest_route=\/wp\/v2\/posts\/913","targetHints":{"allow":["GET"]}}],"collection":[{"href":"https:\/\/ajicolorado.com\/index.php?rest_route=\/wp\/v2\/posts"}],"about":[{"href":"https:\/\/ajicolorado.com\/index.php?rest_route=\/wp\/v2\/types\/post"}],"author":[{"embeddable":true,"href":"https:\/\/ajicolorado.com\/index.php?rest_route=\/wp\/v2\/users\/9"}],"replies":[{"embeddable":true,"href":"https:\/\/ajicolorado.com\/index.php?rest_route=%2Fwp%2Fv2%2Fcomments&post=913"}],"version-history":[{"count":1,"href":"https:\/\/ajicolorado.com\/index.php?rest_route=\/wp\/v2\/posts\/913\/revisions"}],"predecessor-version":[{"id":915,"href":"https:\/\/ajicolorado.com\/index.php?rest_route=\/wp\/v2\/posts\/913\/revisions\/915"}],"wp:featuredmedia":[{"embeddable":true,"href":"https:\/\/ajicolorado.com\/index.php?rest_route=\/wp\/v2\/media\/914"}],"wp:attachment":[{"href":"https:\/\/ajicolorado.com\/index.php?rest_route=%2Fwp%2Fv2%2Fmedia&parent=913"}],"wp:term":[{"taxonomy":"category","embeddable":true,"href":"https:\/\/ajicolorado.com\/index.php?rest_route=%2Fwp%2Fv2%2Fcategories&post=913"},{"taxonomy":"post_tag","embeddable":true,"href":"https:\/\/ajicolorado.com\/index.php?rest_route=%2Fwp%2Fv2%2Ftags&post=913"}],"curies":[{"name":"wp","href":"https:\/\/api.w.org\/{rel}","templated":true}]}}