{"id":907,"date":"2026-08-24T08:46:14","date_gmt":"2026-08-24T12:46:14","guid":{"rendered":"https:\/\/ajicolorado.com\/?p=907"},"modified":"2026-08-24T08:47:16","modified_gmt":"2026-08-24T12:47:16","slug":"derecha-troll","status":"publish","type":"post","link":"https:\/\/ajicolorado.com\/?p=907","title":{"rendered":"Derecha troll"},"content":{"rendered":"\n<p class=\"wp-block-paragraph\">\u00bfLas derechas pol\u00edticas criollas tienen identidad propia?, es una interrogante que parece absurda y sin sentido, pero la realidad pol\u00edtica nos da por si sola su propia explicaci\u00f3n.<\/p>\n\n\n\n<p class=\"wp-block-paragraph\">La eterna e hist\u00f3rica derecha pol\u00edtica son los hijos putativos del norte imperial, por eso su comportamiento es de vasallaje, existen no porque representan un proyecto de pa\u00eds sino porque son extensi\u00f3n necesaria que requiere la derecha y la extrema derecha imperialista.<\/p>\n\n\n\n<p class=\"wp-block-paragraph\">Su servilismo es tal que no se ruborizan de su forma de ser, se sienten orgullosos y lo exhiben, muestran sin un m\u00ednimo de autoestima su condici\u00f3n de vasallos, est\u00e1n en las fiestas como los bufones diplom\u00e1ticos, para ellos es parte de su carrera pol\u00edtica, mientras m\u00e1s serviles se sienten mas eficientes son, publican sus fotos, mejor si son selfis, para decir a los otros vasallos que ellos est\u00e1n mas cerca de su amo. Disputan participar en los eventos, aspiran a ser invitados a los actos patrios del 4 de julio, se visten con su mejor gala, exhiben su sonrisa, se sienten realizados, porque tocaron la cima de la civilizaci\u00f3n.<\/p>\n\n\n\n<p class=\"wp-block-paragraph\">Aplauden sin pausa todas las cat\u00e1strofes criminales del imperio, se sienten parte de las pol\u00edticas genocidas, si por ellos fuera donar\u00edan su salario para apoyar la industria armamentista, porque todo lo que hace el T\u00edo Sam, lo hace por el bien de la humanidad.<\/p>\n\n\n\n<p class=\"wp-block-paragraph\">Para que existan necesitan que se los piensen, ah\u00ed tiene sentido su existencia pol\u00edtica. La presidenta de facto Jeanine A\u00f1ez al minuto de ser nombrada fue felicitada por toda la derecha y extrema derecha internacional, pero su mandato no vino de la Constituci\u00f3n Pol\u00edtica del Estado, sino de la violencia parapolicial-racial, para la derecha esta pr\u00e1ctica esta inscrita en el&nbsp;<em>derecho natural occidental.&nbsp;<\/em>Jeanine necesitaba con urgencia organizar su gobierno subordinado al mandato del Sal\u00f3n Oval, para cumplir este noble prop\u00f3sito delegaron a un emisario o buzo imperial. Ese delegado, un boliviano\/americano, Erik Foronda, trabajo toda su vida en la Embajada gringa en nuestro pa\u00eds, en el momento que se expuls\u00f3 el 2008 al embajador americano, Foronda se fue con su amo, vive y tiene pensi\u00f3n americana. En noviembre del 2019, al d\u00eda siguiente que a la presidenta de facto A\u00f1ez le puso la banda presidencial un militar y no el Parlamento, volvi\u00f3 Foronda, para instalarse en el Palacio, tenia su oficina en el piso 23, el mismo piso presidencial, Foronda paso de lacayo a amo, desde ah\u00ed ordenaba a los nuevos vasallos propietarios del Palacio y del pa\u00eds.<\/p>\n\n\n\n<p class=\"wp-block-paragraph\">El periodista Jon Lee Anderson del medio The New Yorker, en el reportaje \u201cLetter from Bolivia\u201d el 2020 sobre el gobierno de A\u00f1ez, Erik Foronda le confes\u00f3 ser agente de la CIA, es decir en condici\u00f3n de agente viv\u00eda en el Palacio y ordenaba a la presidenta y a sus ministros.&nbsp;<\/p>\n\n\n\n<p class=\"wp-block-paragraph\">El gobierno de facto mostr\u00f3 sus atributos: corrupci\u00f3n e ineficiencia en la gesti\u00f3n p\u00fablica, el pa\u00eds no solo estaba a la deriva, sino rumbo al precipicio, Foronda el gur\u00fa de la pol\u00edtica huy\u00f3, se fue como delgado a la OEA. La sabidur\u00eda del pueblo es inagotable, en las urnas soberanamente expuls\u00f3 al gobierno de facto de extrema derecha.&nbsp;&nbsp;<\/p>\n\n\n\n<p class=\"wp-block-paragraph\">El presidente Rodrigo Paz Pereira es otro de los tantos accidentes de la democracia republicana liberal\/colonial de la historia, al igual que su antecesora A\u00f1ez tiene su propio gur\u00fa de extrema derecha, que le guiaba por el camino de la redenci\u00f3n capitalista de extrema derecha.<\/p>\n\n\n\n<p class=\"wp-block-paragraph\">El aura que le rodeaba, o mas bien la narrativa inventada, es: Rodrigo Paz Pereira proviene de una familia con alcurnia estatal, la crisis derivaba de 20 a\u00f1os del MASismo, necesita un estadista de estirpe, la historia reserv\u00f3 este preciso momento, dio la oportunidad para el salvador de la patria.<\/p>\n\n\n\n<p class=\"wp-block-paragraph\">Rodrigo dio dos mensajes inaugurales en el d\u00eda de su posesi\u00f3n: el primero, sus invitados de lujo de extrema derecha eran: MIlei de Argentina, Noboa de Ecuador, Kast de Chile, el vicepresidente de El Salvador en representaci\u00f3n de Bukele, todos ellos guiados por el delegado del Departamento de Estado de los EEUU, Boric el presidente chileno socialista anti-izquierdista; el segundo jur\u00f3 con la trilog\u00eda mussulianiana fascista \u201cDios, Patria, familia\u201d, estos dos mensajes muestran su subordinaci\u00f3n incondicional a la extrema derecha continental.<\/p>\n\n\n\n<p class=\"wp-block-paragraph\">Cuando era parlamentario y en la fase electoral, Paz Pereira mostraba una imagen de ser un socialdem\u00f3crata de centro, un liberal dem\u00f3crata, eran el clich\u00e9 de su imagen, al ser un presidente por accidente, sin personalidad pol\u00edtica ni identidad ideol\u00f3gica, lo mas r\u00e1pido y sencillo fue ser adoptado.<\/p>\n\n\n\n<p class=\"wp-block-paragraph\">El gur\u00fa que le ten\u00eda que guiar, era el feminicida, estafador y extorsionador de extrema derecha Fernando Cerimedo, ven\u00eda con el titulo de \u201cestratega pol\u00edtico\u201d.<\/p>\n\n\n\n<p class=\"wp-block-paragraph\">Pero, no es un autonombrado estratega, tiene la venia la extrema derecha americana y regional, es parte de todo un sistema de think tank continental, est\u00e1n organizados, financiados y tienen presencia en todo el continente. Act\u00faan en la sombra social, pero en la luz p\u00fablica medi\u00e1tica y pol\u00edtica, son la medula de la columna pol\u00edtica de extrema derecha.<\/p>\n\n\n\n<p class=\"wp-block-paragraph\">A trav\u00e9s de sus m\u00faltiples granjas de troll, financiadas por las empresas multinacionales promueven el odio racial, el odio patriarcal, el odio pol\u00edtico a la izquierda, el odio a los derechos, el odio a los pueblos ind\u00edgenas, crean antivalores de violencia como sentido com\u00fan, su naturaleza es la promoci\u00f3n y difusi\u00f3n de la violencia, la supresi\u00f3n de derechos, sus veh\u00edculos o medios son las redes sociales, los medios privados y estatales de comunicaci\u00f3n, tambi\u00e9n los analistas pol\u00edticos, econ\u00f3micos, acad\u00e9micos, autoridades religiosas cat\u00f3licas y evang\u00e9licas.<\/p>\n\n\n\n<p class=\"wp-block-paragraph\">Cerimedo ten\u00eda su oficina en el mismo piso presidencial de Rodrigo Paz, -al parecer era la misma oficina que ocupo Erik Foronda- no tenia designaci\u00f3n oficial, tampoco remuneraci\u00f3n, pero tenia mando sobre el gobierno.<\/p>\n\n\n\n<p class=\"wp-block-paragraph\">El poder que detentaba no venia solo de la extrema derecha regional, sino del poder que le otorg\u00f3 expresamente Paz Pereira.<\/p>\n\n\n\n<p class=\"wp-block-paragraph\">Todos los ministros, incluido el vocero presidencial han admitido que Cerimedo era asesor del presidente, pero nadie se explicaba y tampoco pod\u00edan explicar como fue designado, estaba ah\u00ed, al extremo, el vicepresidente Lara inform\u00f3 que en las dos \u00fanicas reuniones de gabinete que \u00e9l particip\u00f3, tambi\u00e9n participaba Fernando Cerimedo.<\/p>\n\n\n\n<p class=\"wp-block-paragraph\">El gabinete de ministros de Estado es la instancia de decisi\u00f3n gubernamental mas importante del gobierno, solo participan ministros de Estado, pero en el actual gobierno participan extranjeros que no tienen ninguna designaci\u00f3n, solo la venia presidencial.<\/p>\n\n\n\n<p class=\"wp-block-paragraph\">Esta radiograf\u00eda torpe, no es una acusaci\u00f3n para desprestigiar al presidente y su gobierno, sino solo la descripci\u00f3n de lo que existe.<\/p>\n\n\n\n<p class=\"wp-block-paragraph\">Hoy el estratega pol\u00edtico de extrema derecha esta en la c\u00e1rcel, imputado por intento de feminicidio, adem\u00e1s investigado por enriquecimiento il\u00edcito, se encontr\u00f3 varios millones de d\u00f3lares y bolivianos en las casas allanadas donde habitaba.Eso es la derecha y extrema derecha en nuestro pa\u00eds, un club de amigos serviles, son el lumpen del republicanismo democr\u00e1tico y dictatorial, se enriquecen cuando se apropian del Estado sin ruborizarse, todo en nombre de la Patria, la democracia y la lucha contra los zurdos socialistas.<\/p>\n","protected":false},"excerpt":{"rendered":"<p>\u00bfLas derechas pol\u00edticas criollas tienen identidad propia?, es una interrogante que parece absurda y sin sentido, pero la realidad pol\u00edtica nos da por si sola su propia explicaci\u00f3n. La eterna e hist\u00f3rica derecha pol\u00edtica son los hijos putativos del norte imperial, por eso su comportamiento es de vasallaje, existen no porque representan un proyecto de [&hellip;]<\/p>\n","protected":false},"author":4,"featured_media":909,"comment_status":"open","ping_status":"open","sticky":false,"template":"","format":"standard","meta":{"footnotes":"","jetpack_publicize_message":"","jetpack_publicize_feature_enabled":true,"jetpack_social_post_already_shared":true,"jetpack_social_options":{"image_generator_settings":{"template":"highway","default_image_id":0,"font":"","enabled":false},"version":2}},"categories":[4,3],"tags":[],"class_list":["post-907","post","type-post","status-publish","format-standard","has-post-thumbnail","category-articulos","category-muy-picante"],"jetpack_publicize_connections":[],"wpmagazine_modules_lite_featured_media_urls":{"thumbnail":["https:\/\/ajicolorado.com\/wp-content\/uploads\/2026\/08\/PAZ-CERIMEDO-150x150.jpg",150,150,true],"cvmm-medium":["https:\/\/ajicolorado.com\/wp-content\/uploads\/2026\/08\/PAZ-CERIMEDO-300x203.jpg",300,203,true],"cvmm-medium-plus":["https:\/\/ajicolorado.com\/wp-content\/uploads\/2026\/08\/PAZ-CERIMEDO-305x203.jpg",305,203,true],"cvmm-portrait":["https:\/\/ajicolorado.com\/wp-content\/uploads\/2026\/08\/PAZ-CERIMEDO-400x203.jpg",400,203,true],"cvmm-medium-square":["https:\/\/ajicolorado.com\/wp-content\/uploads\/2026\/08\/PAZ-CERIMEDO.jpg",500,203,false],"cvmm-large":["https:\/\/ajicolorado.com\/wp-content\/uploads\/2026\/08\/PAZ-CERIMEDO.jpg",500,203,false],"cvmm-small":["https:\/\/ajicolorado.com\/wp-content\/uploads\/2026\/08\/PAZ-CERIMEDO-130x95.jpg",130,95,true],"full":["https:\/\/ajicolorado.com\/wp-content\/uploads\/2026\/08\/PAZ-CERIMEDO.jpg",500,203,false]},"categories_names":{"4":{"name":"ART\u00cdCULOS","link":"https:\/\/ajicolorado.com\/?cat=4"},"3":{"name":"MUY PICANTE","link":"https:\/\/ajicolorado.com\/?cat=3"}},"tags_names":[],"comments_number":"0","brizy_media":[],"_links":{"self":[{"href":"https:\/\/ajicolorado.com\/index.php?rest_route=\/wp\/v2\/posts\/907","targetHints":{"allow":["GET"]}}],"collection":[{"href":"https:\/\/ajicolorado.com\/index.php?rest_route=\/wp\/v2\/posts"}],"about":[{"href":"https:\/\/ajicolorado.com\/index.php?rest_route=\/wp\/v2\/types\/post"}],"author":[{"embeddable":true,"href":"https:\/\/ajicolorado.com\/index.php?rest_route=\/wp\/v2\/users\/4"}],"replies":[{"embeddable":true,"href":"https:\/\/ajicolorado.com\/index.php?rest_route=%2Fwp%2Fv2%2Fcomments&post=907"}],"version-history":[{"count":1,"href":"https:\/\/ajicolorado.com\/index.php?rest_route=\/wp\/v2\/posts\/907\/revisions"}],"predecessor-version":[{"id":908,"href":"https:\/\/ajicolorado.com\/index.php?rest_route=\/wp\/v2\/posts\/907\/revisions\/908"}],"wp:featuredmedia":[{"embeddable":true,"href":"https:\/\/ajicolorado.com\/index.php?rest_route=\/wp\/v2\/media\/909"}],"wp:attachment":[{"href":"https:\/\/ajicolorado.com\/index.php?rest_route=%2Fwp%2Fv2%2Fmedia&parent=907"}],"wp:term":[{"taxonomy":"category","embeddable":true,"href":"https:\/\/ajicolorado.com\/index.php?rest_route=%2Fwp%2Fv2%2Fcategories&post=907"},{"taxonomy":"post_tag","embeddable":true,"href":"https:\/\/ajicolorado.com\/index.php?rest_route=%2Fwp%2Fv2%2Ftags&post=907"}],"curies":[{"name":"wp","href":"https:\/\/api.w.org\/{rel}","templated":true}]}}