{"id":868,"date":"2026-08-11T20:41:11","date_gmt":"2026-08-12T00:41:11","guid":{"rendered":"https:\/\/ajicolorado.com\/?p=868"},"modified":"2026-08-11T20:41:12","modified_gmt":"2026-08-12T00:41:12","slug":"tricentenario","status":"publish","type":"post","link":"https:\/\/ajicolorado.com\/?p=868","title":{"rendered":"\u00bfTricentenario?"},"content":{"rendered":"\n<p class=\"wp-block-paragraph\">En la v\u00edspera del 6 de agosto ten\u00edamos la casi imposible misi\u00f3n de llegar a una reuni\u00f3n de trabajo. El trayecto, en La Paz, de la zona sur al centro, era un tema de mucha suerte o de trayecto en helic\u00f3ptero. Sucedi\u00f3 lo primero. Un trufi decidi\u00f3 travestirse en radio taxi en cuesti\u00f3n de segundos. Chau letrero del parabrisas y a negociar un precio que sobrepase sus ganancias como transporte de ruta fija y le justifique bordear la ciudad para llegar a destino en medio del ca\u00f3tico desfile escolar por la fecha patria. Una vez firmado el acuerdo econ\u00f3mico, solo qued\u00f3 abandonarnos a la charla sobre la especialidad de los taxistas: la situaci\u00f3n del pa\u00eds. Comenz\u00f3 echando chispas por las colas, nuevamente, para comprar gasolina o di\u00e9sel y sigui\u00f3 con la inflaci\u00f3n. Los pasajeros hac\u00edan coro recapitulando c\u00f3mo subi\u00f3 la leche, el caf\u00e9 o el pollo. El neotaxista remat\u00f3 con los desfiles que nos ten\u00edan ah\u00ed, en las curvas salvadoras de Alto Obrajes. \u201c\u00bfPara qu\u00e9 hacen estos desfiles? No se puede trabajar. Encima lo que hay que gastar. Todo nuevo nos hacen comprar para los chicos. \u00bfO con zapato viejo les podemos mandar? No se puede. Todo nuevo siempre hay que comprar.\u201d Sus palabras y nuestras amarguras quedaron atrapadas en su gastado auto.&nbsp;<\/p>\n\n\n\n<p class=\"wp-block-paragraph\">Afuera solo se percib\u00edan los vientos preparativos del 6 de agosto. Lleg\u00f3 el 6 y en el centro de las banderas y las bandas de m\u00fasica se esperaba el discurso del Presidente del Estado Plurinacional de Bolivia, Rodrigo Paz Pereira. M\u00e1s de una hora montado sobre una narrativa que sella la continuidad a estos nueve meses: enlosetar la idea de que los \u201c20 a\u00f1os\u201d del MAS (aqu\u00ed no es rentable distinguir los 14 de Morales, el a\u00f1o de A\u00f1ez y los 5 de Arce) fueron el fango que hoy su gobierno tiene que limpiar para inaugurar la nueva Bolivia, Bolivia, Bolivia. Queda claro que ha sido monumental la descomposici\u00f3n del MAS y el actual poder puede ganar tiempo con el discurso salvador de la \u201ccloaca masista\u201d. Es pol\u00edticamente astuto si en la otra mano nos plantean un proyecto de pa\u00eds que ponga ya los cimientos de la Bolivia del Tricentenario que Paz estar\u00eda fundando. Volvamos a su mensaje. El riesgo pa\u00eds cay\u00f3 dr\u00e1sticamente; siguen \u201cordenando la casa\u201d; el anuncio de un Alto comisionado para la Integridad Institucional y la Justicia; la convocatoria a un Gran Acuerdo Nacional para el Desarrollo para llegar a consensos sobre pol\u00edticas p\u00fablicas y plazos para las leyes prometidas. El tono positivo del Presidente nos levantar\u00eda el \u00e1nimo si en la acera pol\u00edtica de las oposiciones no fueran tan altisonantes las cr\u00edticas. Jorge Quiroga no baj\u00f3 el tono a sus cuestionamientos a la gesti\u00f3n de Paz Pereira desde el minuto uno. En estos \u00faltimos d\u00edas afirm\u00f3 en un comunicado que \u201cse puede ganar una elecci\u00f3n sin alianzas pero no se puede gobernar un pa\u00eds sin construir acuerdos pol\u00edticos\u201d acusando al gobierno de aislamiento. Samuel Doria Medina ya dijo y confirm\u00f3 que se va del gobierno porque no saben gestionar el tiempo y las urgencias, porque no responden a sus sugerencias, porque no reaccionan a las denuncias sobre corrupci\u00f3n que afirm\u00f3 haber puesto en conocimiento del Gobierno, entre otros reproches. Despu\u00e9s de la pulseta p\u00edrrica en los m\u00e1s de cincuenta d\u00edas de bloqueos dej\u00f3 minado el campo de di\u00e1logo con los sectores populares organizados. Ni hablemos del bloque pol\u00edtico de la Vicepresidencia que dejaron herido de guerra. El desaf\u00edo pol\u00edtico para el oficialismo no es menor tomando en cuenta el rosario de cambios de autoridades a lo largo de estos nueve meses de gestaci\u00f3n de la Bolivia que Rodrigo Paz afirma que est\u00e1 naciendo. En todo caso, ya se ve qu\u00e9 actores est\u00e1n consolidando su poder en torno al mandatario. Lupo no es uno de ellos.&nbsp;<\/p>\n\n\n\n<p class=\"wp-block-paragraph\">Mientras tanto, en las calles, las serpientes caprichosas que aparecen reiteradamente en las estaciones de combustible contienen en su largu\u00edsimo cuerpo veh\u00edculos de transporte pesado, de transporte p\u00fablico o de transporte privado que a su vez contienen en sus interiores desesperados bolivianos que pasaron los feriados de las fiestas patrias interminables horas y d\u00edas esperando cargar su tanque. Ni familia, ni almuerzo, ni cena, ni ba\u00f1o, ni himno, ni esperanza. Mientras tanto, en los mercados los pollos est\u00e1n uno sobre otro esperando clientes que todav\u00eda puedan pagar su precio. La fruta sigue siendo un lujo. La leche ya no baja. El pan amenaza con llegar a Bs. 1,30. La ropa para el desfile cuesta m\u00e1s, un pasaje de avi\u00f3n o de flota cuesta m\u00e1s, un almuerzo cuesta m\u00e1s, un chicle cuesta m\u00e1s. En los trabajos, en los hogares, en los caf\u00e9s o en los buses, la gente no descorcha una botella para celebrar las cifras de Rodrigo Paz.&nbsp;<\/p>\n","protected":false},"excerpt":{"rendered":"<p>En la v\u00edspera del 6 de agosto ten\u00edamos la casi imposible misi\u00f3n de llegar a una reuni\u00f3n de trabajo. El trayecto, en La Paz, de la zona sur al centro, era un tema de mucha suerte o de trayecto en helic\u00f3ptero. Sucedi\u00f3 lo primero. Un trufi decidi\u00f3 travestirse en radio taxi en cuesti\u00f3n de segundos. [&hellip;]<\/p>\n","protected":false},"author":5,"featured_media":869,"comment_status":"open","ping_status":"open","sticky":false,"template":"","format":"standard","meta":{"footnotes":"","jetpack_publicize_message":"","jetpack_publicize_feature_enabled":true,"jetpack_social_post_already_shared":false,"jetpack_social_options":{"image_generator_settings":{"template":"highway","default_image_id":0,"font":"","enabled":false},"version":2}},"categories":[4,3,31],"tags":[],"class_list":["post-868","post","type-post","status-publish","format-standard","has-post-thumbnail","category-articulos","category-muy-picante","category-te-lo-dije"],"jetpack_publicize_connections":[],"wpmagazine_modules_lite_featured_media_urls":{"thumbnail":["https:\/\/ajicolorado.com\/wp-content\/uploads\/2026\/08\/gasolinazo-150x150.jpg",150,150,true],"cvmm-medium":["https:\/\/ajicolorado.com\/wp-content\/uploads\/2026\/08\/gasolinazo-300x300.jpg",300,300,true],"cvmm-medium-plus":["https:\/\/ajicolorado.com\/wp-content\/uploads\/2026\/08\/gasolinazo-305x207.jpg",305,207,true],"cvmm-portrait":["https:\/\/ajicolorado.com\/wp-content\/uploads\/2026\/08\/gasolinazo-400x450.jpg",400,450,true],"cvmm-medium-square":["https:\/\/ajicolorado.com\/wp-content\/uploads\/2026\/08\/gasolinazo-600x450.jpg",600,450,true],"cvmm-large":["https:\/\/ajicolorado.com\/wp-content\/uploads\/2026\/08\/gasolinazo.jpg",800,450,false],"cvmm-small":["https:\/\/ajicolorado.com\/wp-content\/uploads\/2026\/08\/gasolinazo-130x95.jpg",130,95,true],"full":["https:\/\/ajicolorado.com\/wp-content\/uploads\/2026\/08\/gasolinazo.jpg",800,450,false]},"categories_names":{"4":{"name":"ART\u00cdCULOS","link":"https:\/\/ajicolorado.com\/?cat=4"},"3":{"name":"MUY PICANTE","link":"https:\/\/ajicolorado.com\/?cat=3"},"31":{"name":"TE LO DIJE","link":"https:\/\/ajicolorado.com\/?cat=31"}},"tags_names":[],"comments_number":"0","brizy_media":[],"_links":{"self":[{"href":"https:\/\/ajicolorado.com\/index.php?rest_route=\/wp\/v2\/posts\/868","targetHints":{"allow":["GET"]}}],"collection":[{"href":"https:\/\/ajicolorado.com\/index.php?rest_route=\/wp\/v2\/posts"}],"about":[{"href":"https:\/\/ajicolorado.com\/index.php?rest_route=\/wp\/v2\/types\/post"}],"author":[{"embeddable":true,"href":"https:\/\/ajicolorado.com\/index.php?rest_route=\/wp\/v2\/users\/5"}],"replies":[{"embeddable":true,"href":"https:\/\/ajicolorado.com\/index.php?rest_route=%2Fwp%2Fv2%2Fcomments&post=868"}],"version-history":[{"count":1,"href":"https:\/\/ajicolorado.com\/index.php?rest_route=\/wp\/v2\/posts\/868\/revisions"}],"predecessor-version":[{"id":870,"href":"https:\/\/ajicolorado.com\/index.php?rest_route=\/wp\/v2\/posts\/868\/revisions\/870"}],"wp:featuredmedia":[{"embeddable":true,"href":"https:\/\/ajicolorado.com\/index.php?rest_route=\/wp\/v2\/media\/869"}],"wp:attachment":[{"href":"https:\/\/ajicolorado.com\/index.php?rest_route=%2Fwp%2Fv2%2Fmedia&parent=868"}],"wp:term":[{"taxonomy":"category","embeddable":true,"href":"https:\/\/ajicolorado.com\/index.php?rest_route=%2Fwp%2Fv2%2Fcategories&post=868"},{"taxonomy":"post_tag","embeddable":true,"href":"https:\/\/ajicolorado.com\/index.php?rest_route=%2Fwp%2Fv2%2Ftags&post=868"}],"curies":[{"name":"wp","href":"https:\/\/api.w.org\/{rel}","templated":true}]}}