{"id":851,"date":"2026-08-09T22:48:07","date_gmt":"2026-08-10T02:48:07","guid":{"rendered":"https:\/\/ajicolorado.com\/?p=851"},"modified":"2026-08-15T09:47:03","modified_gmt":"2026-08-15T13:47:03","slug":"patria-nunca-es-tarde","status":"publish","type":"post","link":"https:\/\/ajicolorado.com\/?p=851","title":{"rendered":"Patria, nunca es tarde"},"content":{"rendered":"\n<p class=\"wp-block-paragraph\">El presidente no llegar\u00eda puntualmente a ninguno de los eventos preparados para el aniversario patrio el 6 de agosto. La prensa dice que se interrumpi\u00f3 la misa Te Deum que empez\u00f3 sin \u00e9l. Yo le doy un punto por eso.&nbsp;<\/p>\n\n\n\n<p class=\"wp-block-paragraph\">La sesi\u00f3n de honor lo sorprendi\u00f3 temprano en la Casa de la Libertad donde se interrumpi\u00f3 innecesariamente con un cuarto intermedio para que pase de una habitaci\u00f3n a la otra.&nbsp;<\/p>\n\n\n\n<p class=\"wp-block-paragraph\">Todo el pa\u00eds alcanz\u00f3 a medir la inmensa distancia que existe entre el presidente y vicepresidente que despues de los saludos protocolares quedaron los dardos de Lara, peque\u00f1os y peligrosos pidiendo al gobierno que no mienta.<\/p>\n\n\n\n<p class=\"wp-block-paragraph\">El presidente apost\u00f3 por ignorarlo, sin mencionarlo se dedic\u00f3 a lo suyo, algunos resultados y proyectos, la intensi\u00f3n de crear un nuevo cargo para fiscalizar al Estado, alto comisionado le nombr\u00f3, conmin\u00f3 al ministro de Econom\u00eda la remisi\u00f3n del proyecto de ley de inversiones el martes 11 de agosto.<\/p>\n\n\n\n<p class=\"wp-block-paragraph\">Aparentemente el mensaje y el clima en torno a la fecha tambi\u00e9n traducen lo que las encuestas indican, cada vez hay m\u00e1s cr\u00edtica hacia el gobierno, menos esperanza en un futuro y en general una profunda desilusi\u00f3n en aquellos sectores que eventualmente esperaban mucho m\u00e1s que frases, pero tampoco mucho menos que la resoluci\u00f3n de los problemas cr\u00f3nicos del combustible, la inflaci\u00f3n y el empleo. O sea, todos y todas.<\/p>\n\n\n\n<p class=\"wp-block-paragraph\">Los elementos simb\u00f3licos son innecesarios cuando la prioridad son los resultados. La Casa de la Libertad adquiri\u00f3 un aire virreinal, supremacista, excluyente de los sectores que en definitiva hacen al pa\u00eds. Se les fue la mano con la estrategia de cobertura y tambi\u00e9n con el \u00e1rbol geneal\u00f3gico, el retiro de los cuadros de Tupaj Katari y Bartolina Sisa, el guion de la secretar\u00eda de la Asamblea, las im\u00e1genes de cobertura de alfombra roja, el mensaje de felicitaci\u00f3n del Papa. Fue un mal espect\u00e1culo, arcaico y sin color.<\/p>\n\n\n\n<p class=\"wp-block-paragraph\">Horas antes, en medio de un feriado prolongado, las filas para gasolina y diesel retornaron a cada uno de los surtidores de combustible, los precios de algunos alimentos como el pollo, vaya paradoja, subieron exorbitantemente y muchas familias con seguridad sintieron el frio del miedo, pero el mensaje apel\u00f3 tangencialmente con una menci\u00f3n a la intervenci\u00f3n administrativa de YPFB a YPFB, pero las filas siguen ah\u00ed, vivir\u00e1n con nosotros.<\/p>\n\n\n\n<p class=\"wp-block-paragraph\">Obviamente la idea de cerrar dos ministerios podr\u00eda haber sido un buen tema de exposici\u00f3n del presidente, pero nada, solamente la comparaci\u00f3n con otros pa\u00edses en los que un modelo de agencia resuelve el tema del turismo, eso cuando el turismo tiene un alto flujo, pero por ahora ser\u00eda importante que un gabinete de gobierno determine las pol\u00edticas p\u00fablicas en el \u00e1rea.&nbsp;<\/p>\n\n\n\n<p class=\"wp-block-paragraph\">El turismo es resultado de un complejo sistema de engranajes en los que se desplazan la sociedad, los empresarios, el Estado y hasta el clima, por lo tanto y lo que evidentemente hace falta, es dotarle a cada una de esas partes de obligaciones y beneficios a trav\u00e9s de normas que permitan su funcionamiento. Pero bueno, en otras partes una agencia es suficiente para resolver aquello.&nbsp;<\/p>\n\n\n\n<p class=\"wp-block-paragraph\">Culturas es un sector en s\u00ed mismo en cualquier pol\u00edtica p\u00fablica porque gobierna sobre la conducta, no dijo nada y no es que no le importe, lo que parece es que en realidad lo importante es que las expresiones culturales se debiliten sin apoyo estatal, eso intenta hacer Milei, pero fracasa.<\/p>\n\n\n\n<p class=\"wp-block-paragraph\">En planificaci\u00f3n el asunto es mucho m\u00e1s dram\u00e1tico, muestra la soledad del gobierno producto del abandono de su aliado, no encuentran un Plan de Desarrollo que sea coherente con sus intereses, no encuentran quien lo dirija y administre, no hay conocidos que se hagan cargo de aquello, entonces, distribuimos las funciones de esa cartera en todas partes, con eso se soluciona el problema, salvo, nuevamente, que el problema sea que con lo que tenemos hoy no alcanza para resolver sus propios problemas, imagina que ahora tengan que atender los que ni entienden.<\/p>\n\n\n\n<p class=\"wp-block-paragraph\">La gobernabilidad desde una perspectiva distinta a los acuerdos pol\u00edticos, eso es extra\u00f1o y sospechoso, \u00bfse trata de negociar directamente con cada parlamentario?, \u00bfeso es legal?, \u00bf\u00e9tico?, en fin, tambi\u00e9n existe la posibilidad muy alta, que esta sea otra m\u00e1s de las intenciones del presidente que no se traducen en nada, o comienzan a madurar por la inercia que provoca la repetici\u00f3n asfixiante de sus frases, lo que parece evidente es que ese ser\u00e1 el escenario de confrontaci\u00f3n pol\u00edtica que se avecina, las escenas parlamentarias llenaran las c\u00e1maras de buenas im\u00e1genes con mucha acci\u00f3n.<\/p>\n\n\n\n<p class=\"wp-block-paragraph\">Evo Morales ha decidido responder, aunque como dicen muchos que prestaron atenci\u00f3n, Paz ni lo mencion\u00f3 directamente, aunque los \u201c20 a\u00f1os\u201d si fueron protagonistas, en esos a\u00f1os hay que tomar en cuenta el periodo de Jeanine A\u00f1ez que literalmente desconect\u00f3 el Estado Plurinacional y Arce Catacora que no fue capaz de ponerlo en funcionamiento porque su inter\u00e9s era cualquier otro menos eso.\u00a0\u00a0Evo public\u00f3 un post elocuente, preciso y contundente, veinte no son veinte y en su gobierno la inversi\u00f3n p\u00fablica estuvo a la altura del Estado. Punto.<\/p>\n\n\n\n<p class=\"wp-block-paragraph\">La patria fue homenajeada, mal, impuntual, ingratamente reconocida en un contexto de silencio inc\u00f3modo sobre lo que el futuro nos puede deparar. \u00bfAlguien supone aun que estamos en buen camino?, lo bueno es que nunca es tarde.<\/p>\n","protected":false},"excerpt":{"rendered":"<p>El presidente no llegar\u00eda puntualmente a ninguno de los eventos preparados para el aniversario patrio el 6 de agosto. La prensa dice que se interrumpi\u00f3 la misa Te Deum que empez\u00f3 sin \u00e9l. Yo le doy un punto por eso.&nbsp; La sesi\u00f3n de honor lo sorprendi\u00f3 temprano en la Casa de la Libertad donde se [&hellip;]<\/p>\n","protected":false},"author":9,"featured_media":852,"comment_status":"open","ping_status":"open","sticky":false,"template":"","format":"standard","meta":{"footnotes":"","jetpack_publicize_message":"","jetpack_publicize_feature_enabled":true,"jetpack_social_post_already_shared":false,"jetpack_social_options":{"image_generator_settings":{"template":"highway","default_image_id":0,"font":"","enabled":false},"version":2}},"categories":[4,3],"tags":[],"class_list":["post-851","post","type-post","status-publish","format-standard","has-post-thumbnail","category-articulos","category-muy-picante"],"jetpack_publicize_connections":[],"wpmagazine_modules_lite_featured_media_urls":{"thumbnail":["https:\/\/ajicolorado.com\/wp-content\/uploads\/2026\/08\/cd1b5bc9-9c55-4830-a413-8d31735a20d7-150x150.jpg",150,150,true],"cvmm-medium":["https:\/\/ajicolorado.com\/wp-content\/uploads\/2026\/08\/cd1b5bc9-9c55-4830-a413-8d31735a20d7-300x300.jpg",300,300,true],"cvmm-medium-plus":["https:\/\/ajicolorado.com\/wp-content\/uploads\/2026\/08\/cd1b5bc9-9c55-4830-a413-8d31735a20d7-305x207.jpg",305,207,true],"cvmm-portrait":["https:\/\/ajicolorado.com\/wp-content\/uploads\/2026\/08\/cd1b5bc9-9c55-4830-a413-8d31735a20d7-400x600.jpg",400,600,true],"cvmm-medium-square":["https:\/\/ajicolorado.com\/wp-content\/uploads\/2026\/08\/cd1b5bc9-9c55-4830-a413-8d31735a20d7-600x600.jpg",600,600,true],"cvmm-large":["https:\/\/ajicolorado.com\/wp-content\/uploads\/2026\/08\/cd1b5bc9-9c55-4830-a413-8d31735a20d7.jpg",980,653,false],"cvmm-small":["https:\/\/ajicolorado.com\/wp-content\/uploads\/2026\/08\/cd1b5bc9-9c55-4830-a413-8d31735a20d7-130x95.jpg",130,95,true],"full":["https:\/\/ajicolorado.com\/wp-content\/uploads\/2026\/08\/cd1b5bc9-9c55-4830-a413-8d31735a20d7.jpg",980,653,false]},"categories_names":{"4":{"name":"ART\u00cdCULOS","link":"https:\/\/ajicolorado.com\/?cat=4"},"3":{"name":"MUY PICANTE","link":"https:\/\/ajicolorado.com\/?cat=3"}},"tags_names":[],"comments_number":"0","brizy_media":[],"_links":{"self":[{"href":"https:\/\/ajicolorado.com\/index.php?rest_route=\/wp\/v2\/posts\/851","targetHints":{"allow":["GET"]}}],"collection":[{"href":"https:\/\/ajicolorado.com\/index.php?rest_route=\/wp\/v2\/posts"}],"about":[{"href":"https:\/\/ajicolorado.com\/index.php?rest_route=\/wp\/v2\/types\/post"}],"author":[{"embeddable":true,"href":"https:\/\/ajicolorado.com\/index.php?rest_route=\/wp\/v2\/users\/9"}],"replies":[{"embeddable":true,"href":"https:\/\/ajicolorado.com\/index.php?rest_route=%2Fwp%2Fv2%2Fcomments&post=851"}],"version-history":[{"count":2,"href":"https:\/\/ajicolorado.com\/index.php?rest_route=\/wp\/v2\/posts\/851\/revisions"}],"predecessor-version":[{"id":893,"href":"https:\/\/ajicolorado.com\/index.php?rest_route=\/wp\/v2\/posts\/851\/revisions\/893"}],"wp:featuredmedia":[{"embeddable":true,"href":"https:\/\/ajicolorado.com\/index.php?rest_route=\/wp\/v2\/media\/852"}],"wp:attachment":[{"href":"https:\/\/ajicolorado.com\/index.php?rest_route=%2Fwp%2Fv2%2Fmedia&parent=851"}],"wp:term":[{"taxonomy":"category","embeddable":true,"href":"https:\/\/ajicolorado.com\/index.php?rest_route=%2Fwp%2Fv2%2Fcategories&post=851"},{"taxonomy":"post_tag","embeddable":true,"href":"https:\/\/ajicolorado.com\/index.php?rest_route=%2Fwp%2Fv2%2Ftags&post=851"}],"curies":[{"name":"wp","href":"https:\/\/api.w.org\/{rel}","templated":true}]}}