{"id":836,"date":"2026-08-07T10:15:20","date_gmt":"2026-08-07T14:15:20","guid":{"rendered":"https:\/\/ajicolorado.com\/?p=836"},"modified":"2026-08-07T11:45:16","modified_gmt":"2026-08-07T15:45:16","slug":"un-mes-sin-redes-scaloni-mi-vecino-y-su-perro","status":"publish","type":"post","link":"https:\/\/ajicolorado.com\/?p=836","title":{"rendered":"Un mes sin redes\u00a0(Scaloni, mi vecino y su perro)"},"content":{"rendered":"\n<p class=\"wp-block-paragraph\">Scaloni no tiene redes. No cree en conspiraciones. Argentina perdi\u00f3 la final del Mundial porque jug\u00f3 peor que Espa\u00f1a. He estado un mes sin redes. Y me siento mejor. Los que defienden su uso\/abuso hablan de que con ellas uno se entretiene, se informa, cotillea y tiene relaciones sociales. Mi vecino del barrio natal, el del cuarto derecha, no tiene redes, como Scaloni. No se entera de las cosas que pasan por el mundo y dice que vive (m\u00e1s) feliz as\u00ed. El cotilleo y las relaciones sociales las consigue gracias a su perro.&nbsp;<\/p>\n\n\n\n<p class=\"wp-block-paragraph\">Antes iba de bar en bar tomando vinos para construir eso que los soci\u00f3logos llaman micro-interraciones sociales, esas que dan arraigo. Y felicidad. Ahora saca a pasear al perro y charla con otros hijos de perro como \u00e9l. As\u00ed se entretiene y averigua los chismes del barrio. Y luego me los cuenta. Su perro -antropomorfizado y convertido en \u201cperri-hijo\u201d- es ahora su (mejor) red social. Nota mental: sin perro ya no se socializa ni con Cristo, asegura.<\/p>\n\n\n\n<p class=\"wp-block-paragraph\">Me gustar\u00eda hacer como \u00e9l pero tengo alergia al pelo de los perros y de los gatos. Estoy cagado. As\u00ed que compro el peri\u00f3dico y me siento en la plaza del barrio. Es lo mismo que hac\u00edan antes muchas personas. Ahora soy una \u201crara avis\u201d. El otro d\u00eda un chico, celular en mano, me pidi\u00f3 permiso para sacarme una foto mientras hojeaba el peri\u00f3dico. Nunca hab\u00eda visto eso antes. La quer\u00eda para subirla a sus redes, obviamente. Me pregunt\u00f3 si yo ten\u00eda. Le dije que no, mintiendo. \u00bfSabes que Scaloni tampoco tiene redes? le pregunt\u00e9 mientras se alejaba fijando la mirada en su celular subiendo la puta foto.&nbsp;<\/p>\n\n\n\n<p class=\"wp-block-paragraph\">Los peri\u00f3dicos de papel llevan meses hablando todos los d\u00edas de lo mismo: la IA (y el ChatGPT) y las ultraderechas (y sus obsesiones). Ambas, redes y fachos conspiran todo el rato. Desde que coloqu\u00e9 hace un mes el letrero \u201cCerrado por vacaciones\u201d en mi \u201cfeis\u201d y \u201ctuiter\u201d mis niveles de ansiedad, polarizaci\u00f3n y enojo han bajado. Tambi\u00e9n la cabeza me duele menos. Me aburro m\u00e1s, grito menos. Escucho m\u00e1s, leo m\u00e1s libros. Escribo a mano en la libreta de las vacaciones.&nbsp;<\/p>\n\n\n\n<p class=\"wp-block-paragraph\">Nota mental dos: la escritura anal\u00f3gica tiene propiedades terap\u00e9uticas, es un rito de meditaci\u00f3n, una pausa voluntaria. Reconecta tus emociones. Es como la magdalena de Proust, trae viejos recuerdos personales y olores. Las psic\u00f3logas lo llaman \u201crecuerdos autobiogr\u00e1ficos involuntarios\u201d (de eso escribe Julian Barnes en la que ser\u00e1 su \u00faltima novela).<\/p>\n\n\n\n<p class=\"wp-block-paragraph\">El ruido de las adictivas redes viene a rellenar nuestro miedo al silencio (y a la soledad). Por eso (casi) todos tenemos redes. Y perros. Las m\u00e1quinas (y los perros) se humanizan y las personas se robotizan. Y cuando quieres o necesitas la respuesta un problema o simplemente charlar lo haces con el puto ChatGPT, Gemini o Claude.&nbsp;<\/p>\n\n\n\n<p class=\"wp-block-paragraph\">Ni este \u201cchatbot\u201d de inteligencia artificial ni tu perro te van a llevar la contraria y menos contradecir. Los dos quieren seguir contigo. A los dos les das de comer. Ninguno de los dos te va a juzgar y menos reprochar. Ninguno sabe que lo importante no son las respuestas que te dan sino las preguntas.<\/p>\n\n\n\n<p class=\"wp-block-paragraph\">Cada d\u00eda que pasa nos miramos menos. Reinan las pantallas. Entre redes\/perros cada d\u00eda estamos m\u00e1s solos, aislados. \u00a1Ay, de nosotros! Rodeados de gente pero solos. Reinan las barricadas\/trincheras. Cada d\u00eda m\u00e1s ciegos. Viendo no vemos, como nos cont\u00f3 Saramago hace ahora tres d\u00e9cadas. No por nada, la \u00faltima frase de la novela de Barnes termina con una s\u00faplica\/invitaci\u00f3n: \u201cno, no dejes de mirar\u201d. De observar, de pasear.&nbsp;<\/p>\n\n\n\n<p class=\"wp-block-paragraph\">Por todo esto, algunos colegas periodistas est\u00e1n desactivando de sus celulares las aplicaciones de redes sociales. Las siguen usando (el oficio as\u00ed lo exige) pero desde la computadora. Un ratito a la ma\u00f1ana y\/o noche y listo. Como se hac\u00eda antes con el correo electr\u00f3nico, con el LatinMail.&nbsp;El ego es la verdadera sustancia adictiva\/t\u00f3xica de nuestro tiempo. Van a disculpar el uso de la primera persona del singular en esta columna (escrita a mano y luego pasada a m\u00e1quina). Las drogas m\u00e1s da\u00f1inas (desde la coca\u00edna hasta las redes) exacerban el yo histri\u00f3nico, el narcisismo; un yo hipertrofiado y exhausto a estas alturas. Las redes y los tecno-oligarcas lo saben. La ultraderecha, tambi\u00e9n. Alimentan la enfermiza propensi\u00f3n a dramatizar y victimizar; tirar pelotas fuera; encabronar\/ensuciar todo: culpar al otro, a la cancha que no estaba buena, al \u00e1rbitro. A la conspiraci\u00f3n, cuanto m\u00e1s extra\u00f1a y bizarra mejor. Scaloni lo sabe y por eso no quiere enterarse de nada. As\u00ed vive m\u00e1s feliz, como mi vecino y su perro.<\/p>\n","protected":false},"excerpt":{"rendered":"<p>Scaloni no tiene redes. No cree en conspiraciones. Argentina perdi\u00f3 la final del Mundial porque jug\u00f3 peor que Espa\u00f1a. He estado un mes sin redes. Y me siento mejor. Los que defienden su uso\/abuso hablan de que con ellas uno se entretiene, se informa, cotillea y tiene relaciones sociales. Mi vecino del barrio natal, el [&hellip;]<\/p>\n","protected":false},"author":7,"featured_media":837,"comment_status":"open","ping_status":"open","sticky":false,"template":"","format":"standard","meta":{"footnotes":"","jetpack_publicize_message":"","jetpack_publicize_feature_enabled":true,"jetpack_social_post_already_shared":false,"jetpack_social_options":{"image_generator_settings":{"template":"highway","default_image_id":0,"font":"","enabled":false},"version":2}},"categories":[4,3,29],"tags":[],"class_list":["post-836","post","type-post","status-publish","format-standard","has-post-thumbnail","category-articulos","category-muy-picante","category-te-lo-voy-a-rezar"],"jetpack_publicize_connections":[],"wpmagazine_modules_lite_featured_media_urls":{"thumbnail":["https:\/\/ajicolorado.com\/wp-content\/uploads\/2026\/08\/PHOTO-2026-08-06-13-52-01-150x150.jpg",150,150,true],"cvmm-medium":["https:\/\/ajicolorado.com\/wp-content\/uploads\/2026\/08\/PHOTO-2026-08-06-13-52-01-300x300.jpg",300,300,true],"cvmm-medium-plus":["https:\/\/ajicolorado.com\/wp-content\/uploads\/2026\/08\/PHOTO-2026-08-06-13-52-01-305x207.jpg",305,207,true],"cvmm-portrait":["https:\/\/ajicolorado.com\/wp-content\/uploads\/2026\/08\/PHOTO-2026-08-06-13-52-01-400x600.jpg",400,600,true],"cvmm-medium-square":["https:\/\/ajicolorado.com\/wp-content\/uploads\/2026\/08\/PHOTO-2026-08-06-13-52-01-600x600.jpg",600,600,true],"cvmm-large":["https:\/\/ajicolorado.com\/wp-content\/uploads\/2026\/08\/PHOTO-2026-08-06-13-52-01-1024x1024.jpg",1024,1024,true],"cvmm-small":["https:\/\/ajicolorado.com\/wp-content\/uploads\/2026\/08\/PHOTO-2026-08-06-13-52-01-130x95.jpg",130,95,true],"full":["https:\/\/ajicolorado.com\/wp-content\/uploads\/2026\/08\/PHOTO-2026-08-06-13-52-01.jpg",1600,1203,false]},"categories_names":{"4":{"name":"ART\u00cdCULOS","link":"https:\/\/ajicolorado.com\/?cat=4"},"3":{"name":"MUY PICANTE","link":"https:\/\/ajicolorado.com\/?cat=3"},"29":{"name":"TE LO VOY A REZAR","link":"https:\/\/ajicolorado.com\/?cat=29"}},"tags_names":[],"comments_number":"0","brizy_media":[],"_links":{"self":[{"href":"https:\/\/ajicolorado.com\/index.php?rest_route=\/wp\/v2\/posts\/836","targetHints":{"allow":["GET"]}}],"collection":[{"href":"https:\/\/ajicolorado.com\/index.php?rest_route=\/wp\/v2\/posts"}],"about":[{"href":"https:\/\/ajicolorado.com\/index.php?rest_route=\/wp\/v2\/types\/post"}],"author":[{"embeddable":true,"href":"https:\/\/ajicolorado.com\/index.php?rest_route=\/wp\/v2\/users\/7"}],"replies":[{"embeddable":true,"href":"https:\/\/ajicolorado.com\/index.php?rest_route=%2Fwp%2Fv2%2Fcomments&post=836"}],"version-history":[{"count":2,"href":"https:\/\/ajicolorado.com\/index.php?rest_route=\/wp\/v2\/posts\/836\/revisions"}],"predecessor-version":[{"id":839,"href":"https:\/\/ajicolorado.com\/index.php?rest_route=\/wp\/v2\/posts\/836\/revisions\/839"}],"wp:featuredmedia":[{"embeddable":true,"href":"https:\/\/ajicolorado.com\/index.php?rest_route=\/wp\/v2\/media\/837"}],"wp:attachment":[{"href":"https:\/\/ajicolorado.com\/index.php?rest_route=%2Fwp%2Fv2%2Fmedia&parent=836"}],"wp:term":[{"taxonomy":"category","embeddable":true,"href":"https:\/\/ajicolorado.com\/index.php?rest_route=%2Fwp%2Fv2%2Fcategories&post=836"},{"taxonomy":"post_tag","embeddable":true,"href":"https:\/\/ajicolorado.com\/index.php?rest_route=%2Fwp%2Fv2%2Ftags&post=836"}],"curies":[{"name":"wp","href":"https:\/\/api.w.org\/{rel}","templated":true}]}}