{"id":1023,"date":"2026-09-05T22:10:26","date_gmt":"2026-09-06T02:10:26","guid":{"rendered":"https:\/\/ajicolorado.com\/?p=1023"},"modified":"2026-09-05T22:10:27","modified_gmt":"2026-09-06T02:10:27","slug":"el-pan-cae-con-la-mantequilla-hacia-abajo","status":"publish","type":"post","link":"https:\/\/ajicolorado.com\/?p=1023","title":{"rendered":"El pan cae con la mantequilla hacia abajo"},"content":{"rendered":"\n<p class=\"wp-block-paragraph\">\u201cAl pobre se la cae el pan con la mantequilla hacia abajo\u201d, escuch\u00e9 decir una vez. Record\u00e9 el dicho cuando, hace horas apenas, se dieron las explosiones en un cuartel militar en Viacha. Las m\u00e1s de las veces, los que pagan los platos rotos, son las y los de abajo. En el caso de la tragedia de Viacha la lista de v\u00edctimas se escribe con los apellidos ind\u00edgenas; j\u00f3venes conscriptos hijos de esas madres del pueblo que mandan a sus seres m\u00e1s amados a hacer el servicio militar. Como cuando se dan enfrentamientos en la ciudad de El Alto: caen los alte\u00f1os que poco tienen que perder. Cae con un disparo una ni\u00f1a que se acerca a una ventana en el coraz\u00f3n de Senkata. Cae el joven Mamani o Condori al que los polic\u00edas le revientan el rostro por \u00f3rdenes de alg\u00fan coronel. Como cuando un avi\u00f3n repleto de dinero se desliza e impacta contra autos, buses, peatones, vendedoras: pagan con la vida los humildes que est\u00e1n vendiendo en la lluvia, los alte\u00f1os que se est\u00e1n batallando en las calles. Y cuidadito se vayan a alzar billetes en la zona del desastre. Ay, estos alte\u00f1os.<\/p>\n\n\n\n<p class=\"wp-block-paragraph\">Se cae el pan con la mantequilla hacia abajo para los que levantan sus viviendas al borde de los r\u00edos porque no tienen para comprar una propiedad en un barrio privado. S\u00ed, se saltaron las normas y cuando remueven la tierra o cuando las lluvias furiosas de inicio de a\u00f1o pisotean zonas completas llev\u00e1ndose las viviendas clavadas en los cerros se pierden los muebles baratos, el ropero con sus abrigos, la plata y los documentos, los ba\u00f1adores, los juguetes, las ollas, la tele\u2026 El pan con la mantequilla hacia abajo en las zonas donde la miner\u00eda ilegal e impune lo contamina todo y deja desnuda la tierra de los humildes que ven en el barro lo poco que se ha juntado.<\/p>\n\n\n\n<p class=\"wp-block-paragraph\">Se cae el pan con la mantequilla hacia abajo para productores campesinos que juntan la papa y se quedan con las m\u00e1s peque\u00f1as, con las que tienen gusanos, con las que no pueden mandar a las ciudades por fe\u00edtas. Esas ser\u00e1n parte de su alimento. No est\u00e1n entre los principales autores del cambio clim\u00e1tico, pero son los primeros en la lista de los afectados. Los malos tiempos para los cultivos vienen solos: ni fondos de compensaci\u00f3n ni mensajes de solidaridad. Ni pan ni mantequilla cuando no se cosecha la papa.<\/p>\n\n\n\n<p class=\"wp-block-paragraph\">Se cae el pan con la mantequilla hacia abajo para los peque\u00f1os comerciantes que no tienen ni salario ni aguinaldo ni quinquenio ni seguro de salud y aplanan las calles con su montonera de ganchos, con sus cajas de helados, con sus canastas de llauchas que se parquean en una esquina. Pagan alquiler o levantan tres comidas si hay venta. A diferencia del Gobernador pace\u00f1o y sus asamble\u00edstas, no se pueden subir su sueldo a Bs. 18.500 porque la crisis econ\u00f3mica se ha puesto muy dura.<\/p>\n\n\n\n<p class=\"wp-block-paragraph\">Se cae el pan con la mantequilla hacia abajo a los transportistas de abajo que agarraron la man\u00eda de pasar noches enteras y fines de semana o feriados en una fila interminable para llegar a la manguera de una gasolinera. La impotencia les hace llorar frente al periodista que llega a tomar el pulso para difundirlo en directo por un canal de televisi\u00f3n. Primero se preguntaban: \u201c\u00bfcu\u00e1ndo va a solucionar esta situaci\u00f3n el gobierno?\u201d. Esta semana la teleaudiencia vio a un chofer impotente que sentenci\u00f3: \u201cya no va a haber soluci\u00f3n, as\u00ed nom\u00e1s vamos a vivir ahora\u201d.<\/p>\n\n\n\n<p class=\"wp-block-paragraph\">Se cae el pan con la mantequilla hacia abajo a ese jubilado que camina las calles buscando la ecuaci\u00f3n que le estire su dinero para llegar a fin de mes. Carne no es, pollo, tal vez, vete al mercado y ver\u00e1s lo que no es. \u00bfSer\u00e1 jubilada esa se\u00f1ora que ocupa un asiento de minib\u00fas con dos bolsas de mercado, un atado y su tejido en plena ejecuci\u00f3n? \u00bfY ser\u00e1 jubilada la abuelita sin dientes que extiende su mano lastimada por la vida y el abandono frente a un sem\u00e1foro del centro hist\u00f3rico? \u00bfHabr\u00e1 conocido alg\u00fan bono? \u00bfCu\u00e1ndo comi\u00f3 pan con mantequilla? \u00bfD\u00f3nde dormir\u00e1 esta noche?Hace poco, un polic\u00eda de caseta pegada a una casa bien pintada sale apurado a comprar su almuerzo a dos cuadras de su oficinita verde. Pensi\u00f3n con cartel en la puerta. Sopa de fideo y falso conejo a Bs.15. El polic\u00eda vuelve a su caseta casi corriendo sosteniendo su bolsa de sopa y su plato de pl\u00e1stico con su falso conejo. Cruza la calle. Comienza a subir apurado las gradas de la calle empinada. Tropieza. Su almuerzo vuela por los aires. No hay nada que hacer, los fideos terminan en cualquier lado, las papas se estrellan entre dos escalones, revienta la bolsa de la sopa. El uniformado mira silencioso el desastre. No vuelve a la pensi\u00f3n. Se va a meter en su caseta resignado. No se le cay\u00f3 el pan con la mantequilla hacia abajo; su almuerzo se hizo trizas. Qu\u00e9 retrato de la patria.&nbsp;<\/p>\n","protected":false},"excerpt":{"rendered":"<p>\u201cAl pobre se la cae el pan con la mantequilla hacia abajo\u201d, escuch\u00e9 decir una vez. Record\u00e9 el dicho cuando, hace horas apenas, se dieron las explosiones en un cuartel militar en Viacha. Las m\u00e1s de las veces, los que pagan los platos rotos, son las y los de abajo. En el caso de la [&hellip;]<\/p>\n","protected":false},"author":5,"featured_media":1024,"comment_status":"open","ping_status":"open","sticky":false,"template":"","format":"standard","meta":{"footnotes":"","jetpack_publicize_message":"La columna Te lo dije de Claudia Benavente","jetpack_publicize_feature_enabled":true,"jetpack_social_post_already_shared":false,"jetpack_social_options":{"image_generator_settings":{"template":"highway","default_image_id":0,"font":"","enabled":false},"version":2}},"categories":[3,31],"tags":[],"class_list":["post-1023","post","type-post","status-publish","format-standard","has-post-thumbnail","category-muy-picante","category-te-lo-dije"],"jetpack_publicize_connections":[],"wpmagazine_modules_lite_featured_media_urls":{"thumbnail":["https:\/\/ajicolorado.com\/wp-content\/uploads\/2026\/09\/EL-ALTO-150x150.jpg",150,150,true],"cvmm-medium":["https:\/\/ajicolorado.com\/wp-content\/uploads\/2026\/09\/EL-ALTO-300x300.jpg",300,300,true],"cvmm-medium-plus":["https:\/\/ajicolorado.com\/wp-content\/uploads\/2026\/09\/EL-ALTO-305x207.jpg",305,207,true],"cvmm-portrait":["https:\/\/ajicolorado.com\/wp-content\/uploads\/2026\/09\/EL-ALTO-400x600.jpg",400,600,true],"cvmm-medium-square":["https:\/\/ajicolorado.com\/wp-content\/uploads\/2026\/09\/EL-ALTO-600x600.jpg",600,600,true],"cvmm-large":["https:\/\/ajicolorado.com\/wp-content\/uploads\/2026\/09\/EL-ALTO-1024x1024.jpg",1024,1024,true],"cvmm-small":["https:\/\/ajicolorado.com\/wp-content\/uploads\/2026\/09\/EL-ALTO-130x95.jpg",130,95,true],"full":["https:\/\/ajicolorado.com\/wp-content\/uploads\/2026\/09\/EL-ALTO-scaled.jpg",2560,1707,false]},"categories_names":{"3":{"name":"MUY PICANTE","link":"https:\/\/ajicolorado.com\/?cat=3"},"31":{"name":"TE LO DIJE","link":"https:\/\/ajicolorado.com\/?cat=31"}},"tags_names":[],"comments_number":"0","brizy_media":[],"_links":{"self":[{"href":"https:\/\/ajicolorado.com\/index.php?rest_route=\/wp\/v2\/posts\/1023","targetHints":{"allow":["GET"]}}],"collection":[{"href":"https:\/\/ajicolorado.com\/index.php?rest_route=\/wp\/v2\/posts"}],"about":[{"href":"https:\/\/ajicolorado.com\/index.php?rest_route=\/wp\/v2\/types\/post"}],"author":[{"embeddable":true,"href":"https:\/\/ajicolorado.com\/index.php?rest_route=\/wp\/v2\/users\/5"}],"replies":[{"embeddable":true,"href":"https:\/\/ajicolorado.com\/index.php?rest_route=%2Fwp%2Fv2%2Fcomments&post=1023"}],"version-history":[{"count":1,"href":"https:\/\/ajicolorado.com\/index.php?rest_route=\/wp\/v2\/posts\/1023\/revisions"}],"predecessor-version":[{"id":1025,"href":"https:\/\/ajicolorado.com\/index.php?rest_route=\/wp\/v2\/posts\/1023\/revisions\/1025"}],"wp:featuredmedia":[{"embeddable":true,"href":"https:\/\/ajicolorado.com\/index.php?rest_route=\/wp\/v2\/media\/1024"}],"wp:attachment":[{"href":"https:\/\/ajicolorado.com\/index.php?rest_route=%2Fwp%2Fv2%2Fmedia&parent=1023"}],"wp:term":[{"taxonomy":"category","embeddable":true,"href":"https:\/\/ajicolorado.com\/index.php?rest_route=%2Fwp%2Fv2%2Fcategories&post=1023"},{"taxonomy":"post_tag","embeddable":true,"href":"https:\/\/ajicolorado.com\/index.php?rest_route=%2Fwp%2Fv2%2Ftags&post=1023"}],"curies":[{"name":"wp","href":"https:\/\/api.w.org\/{rel}","templated":true}]}}