{"id":1020,"date":"2026-09-04T10:39:47","date_gmt":"2026-09-04T14:39:47","guid":{"rendered":"https:\/\/ajicolorado.com\/?p=1020"},"modified":"2026-09-04T10:39:48","modified_gmt":"2026-09-04T14:39:48","slug":"la-marraqueta-pacena-patrimonio-vivo-el-pan-de-la-memoria","status":"publish","type":"post","link":"https:\/\/ajicolorado.com\/?p=1020","title":{"rendered":"@La Marraqueta Pace\u00f1a Patrimonio Vivo: El Pan de la Memoria\u00a0"},"content":{"rendered":"\n<p class=\"wp-block-paragraph\">La cultura se entiende normalmente como un gasto por muchos sectores de la sociedad, que la perciben como un producto desvinculado del Estado y desarrollado \u00fanicamente por la iniciativa privada. Cuando se habla de acciones de car\u00e1cter cultural, suele asoci\u00e1rselas exclusivamente con las bellas artes, el cine, la m\u00fasica o formas de vida excepcionales; sin embargo, es fundamental comprender que la cultura se gesta en la cotidianidad de las personas.<\/p>\n\n\n\n<p class=\"wp-block-paragraph\">A menudo se pretende limitar la valoraci\u00f3n de la cultura a su expresi\u00f3n en museos o teatros, ignorando que en las manifestaciones m\u00e1s simples y de uso diario se encuentran sus expresiones m\u00e1s profundas. Estas no se crean para ser contempladas, sino para ser consumidas, y es precisamente en sus procesos de elaboraci\u00f3n donde residen los aspectos que hacen excepcional a dicho producto cultural. Tal es el caso de la marraqueta, una manifestaci\u00f3n valorada por la peculiaridad de su forma y por ser un producto \u00fanico en la regi\u00f3n, es decir, en La Paz y en Sudam\u00e9rica.<\/p>\n\n\n\n<p class=\"wp-block-paragraph\">En este contexto, la postulaci\u00f3n oficial del \u201cpan marraqueta\u201d o \u201cpan de batalla\u201d al Formulario de Declaratoria Patrimonial Nacional busca consagrar a este emblem\u00e1tico alimento como Patrimonio Cultural Inmaterial del Estado Plurinacional de Bolivia. M\u00e1s all\u00e1 de su formulaci\u00f3n magra, su horneado en b\u00f3vedas de ladrillo refractario y su inconfundible textura de corteza dorada y miga aireada, este producto se erige como una instancia clave de la sociabilidad urbana. Su trayectoria encarna una profunda memoria colectiva que hunde sus ra\u00edces en la Guerra del Chaco (1932-1935), cuando sirvi\u00f3 como recurso log\u00edstico estrat\u00e9gico por su resistencia en las trincheras, y se consolid\u00f3 en 1984 \u2014mediante la Resoluci\u00f3n Ministerial No. 129\/84\u2014 como un term\u00f3metro de estabilidad socioecon\u00f3mica frente a la crisis inflacionaria.<\/p>\n\n\n\n<p class=\"wp-block-paragraph\">Desde la perspectiva de los estudios culturales y la antropolog\u00eda urbana, la marraqueta trasciende la gastronom\u00eda para convertirse en un territorio simb\u00f3lico. Aplicando las categor\u00edas te\u00f3ricas de Armando Silva, las ciudades no son meros conglomerados de cemento, sino construcciones hechas de afectos, deseos y relatos visuales. En Chuquiago Marka (La Paz), la marraqueta opera como un potente marcador de identidad y pertenencia territorial a trav\u00e9s del denominado \u00ab\u00cdndice Marraqueta\u00bb, donde cualquier alteraci\u00f3n en su peso oficial (60 a 65 gramos) o en su costo moviliza de inmediato percepciones de crisis colectiva y desestabilizaci\u00f3n emocional en el imaginario ciudadano.&nbsp;<em>\u201cLa marraqueta es la materializaci\u00f3n tangible de la &#8216;patria chica&#8217;, un refugio identitario frente a la homogeneizaci\u00f3n de la modernidad industrial.\u201d<\/em><\/p>\n\n\n\n<p class=\"wp-block-paragraph\">Asimismo, los paisajes urbanos sensoriales \u2014el crujido al partirla, el aroma del horno de barrio en la madrugada y los canastos de mimbre cubiertos de mantas\u2014 edifican una cartograf\u00eda afectiva que resiste a la estandarizaci\u00f3n industrial y a la invasi\u00f3n de la comida r\u00e1pida. Es el reflejo de una comunidad que valida su tradici\u00f3n cotidiana frente a los embates de la modernidad globalizada.<\/p>\n\n\n\n<p class=\"wp-block-paragraph\">Por otro lado, la etnograf\u00eda urbana de Manuel Delgado ilumina la microf\u00edsica de la calle como el escenario por excelencia del conflicto, la agitaci\u00f3n social y la apropiaci\u00f3n ciudadana. Lejos de la fr\u00eda eficiencia de los supermercados modernos, la esquina donde la \u00abcaserita\u00bb despliega su puesto de venta se transforma en un nodo fundamental de sociabilidad. Este intercambio comercial est\u00e1 impregnado de la palabra, la murmuraci\u00f3n barrial y la l\u00f3gica de la \u00abyapa\u00bb como un acto vivo de reciprocidad que emana del Ayni andino, respaldado adem\u00e1s por el trabajo intergeneracional de los maestros panaderos que custodian los saberes de los hornos tradicionales.Finalmente, el consumo de la marraqueta \u2014comprimirla suavemente para comprobar su frescura, despojarla de la miga y sumergirla en caf\u00e9\u2014 constituye en un ritual que consolida la identidad arraigada en los barrios populares de La Paz de quien la prueba. La inminente declaratoria reconoce que este pan de batalla no es un mero formalismo burocr\u00e1tico, sino un acto de justicia epistemol\u00f3gica con las culturas populares. Nos recuerda que la verdadera riqueza de una naci\u00f3n no reside \u00fanicamente en sus grandes monumentos, sino en la capacidad de su gente para convertir lo cotidiano en una obra de arte colectiva. Cuando un pace\u00f1o parte una marraqueta humeante en la madrugada, consume historia, reafirma su pertenencia a un territorio escarpado y participa de un ritual que desaf\u00eda las l\u00f3gicas de la globalizaci\u00f3n, demostrando que proteger la marraqueta es proteger el derecho a la ciudad y a la memoria viva que nos sostiene.<\/p>\n","protected":false},"excerpt":{"rendered":"<p>La cultura se entiende normalmente como un gasto por muchos sectores de la sociedad, que la perciben como un producto desvinculado del Estado y desarrollado \u00fanicamente por la iniciativa privada. Cuando se habla de acciones de car\u00e1cter cultural, suele asoci\u00e1rselas exclusivamente con las bellas artes, el cine, la m\u00fasica o formas de vida excepcionales; sin [&hellip;]<\/p>\n","protected":false},"author":29,"featured_media":1021,"comment_status":"open","ping_status":"open","sticky":false,"template":"","format":"standard","meta":{"footnotes":"","jetpack_publicize_message":"","jetpack_publicize_feature_enabled":true,"jetpack_social_post_already_shared":true,"jetpack_social_options":{"image_generator_settings":{"template":"highway","default_image_id":0,"font":"","enabled":false},"version":2}},"categories":[4,3],"tags":[],"class_list":["post-1020","post","type-post","status-publish","format-standard","has-post-thumbnail","category-articulos","category-muy-picante"],"jetpack_publicize_connections":[],"wpmagazine_modules_lite_featured_media_urls":{"thumbnail":["https:\/\/ajicolorado.com\/wp-content\/uploads\/2026\/09\/marraqueta-150x150.jpg",150,150,true],"cvmm-medium":["https:\/\/ajicolorado.com\/wp-content\/uploads\/2026\/09\/marraqueta-300x300.jpg",300,300,true],"cvmm-medium-plus":["https:\/\/ajicolorado.com\/wp-content\/uploads\/2026\/09\/marraqueta-305x207.jpg",305,207,true],"cvmm-portrait":["https:\/\/ajicolorado.com\/wp-content\/uploads\/2026\/09\/marraqueta-400x600.jpg",400,600,true],"cvmm-medium-square":["https:\/\/ajicolorado.com\/wp-content\/uploads\/2026\/09\/marraqueta-600x600.jpg",600,600,true],"cvmm-large":["https:\/\/ajicolorado.com\/wp-content\/uploads\/2026\/09\/marraqueta-1024x672.jpg",1024,672,true],"cvmm-small":["https:\/\/ajicolorado.com\/wp-content\/uploads\/2026\/09\/marraqueta-130x95.jpg",130,95,true],"full":["https:\/\/ajicolorado.com\/wp-content\/uploads\/2026\/09\/marraqueta.jpg",1200,672,false]},"categories_names":{"4":{"name":"ART\u00cdCULOS","link":"https:\/\/ajicolorado.com\/?cat=4"},"3":{"name":"MUY PICANTE","link":"https:\/\/ajicolorado.com\/?cat=3"}},"tags_names":[],"comments_number":"0","brizy_media":[],"_links":{"self":[{"href":"https:\/\/ajicolorado.com\/index.php?rest_route=\/wp\/v2\/posts\/1020","targetHints":{"allow":["GET"]}}],"collection":[{"href":"https:\/\/ajicolorado.com\/index.php?rest_route=\/wp\/v2\/posts"}],"about":[{"href":"https:\/\/ajicolorado.com\/index.php?rest_route=\/wp\/v2\/types\/post"}],"author":[{"embeddable":true,"href":"https:\/\/ajicolorado.com\/index.php?rest_route=\/wp\/v2\/users\/29"}],"replies":[{"embeddable":true,"href":"https:\/\/ajicolorado.com\/index.php?rest_route=%2Fwp%2Fv2%2Fcomments&post=1020"}],"version-history":[{"count":1,"href":"https:\/\/ajicolorado.com\/index.php?rest_route=\/wp\/v2\/posts\/1020\/revisions"}],"predecessor-version":[{"id":1022,"href":"https:\/\/ajicolorado.com\/index.php?rest_route=\/wp\/v2\/posts\/1020\/revisions\/1022"}],"wp:featuredmedia":[{"embeddable":true,"href":"https:\/\/ajicolorado.com\/index.php?rest_route=\/wp\/v2\/media\/1021"}],"wp:attachment":[{"href":"https:\/\/ajicolorado.com\/index.php?rest_route=%2Fwp%2Fv2%2Fmedia&parent=1020"}],"wp:term":[{"taxonomy":"category","embeddable":true,"href":"https:\/\/ajicolorado.com\/index.php?rest_route=%2Fwp%2Fv2%2Fcategories&post=1020"},{"taxonomy":"post_tag","embeddable":true,"href":"https:\/\/ajicolorado.com\/index.php?rest_route=%2Fwp%2Fv2%2Ftags&post=1020"}],"curies":[{"name":"wp","href":"https:\/\/api.w.org\/{rel}","templated":true}]}}