{"id":1012,"date":"2026-09-02T20:50:19","date_gmt":"2026-09-03T00:50:19","guid":{"rendered":"https:\/\/ajicolorado.com\/?p=1012"},"modified":"2026-09-03T08:55:53","modified_gmt":"2026-09-03T12:55:53","slug":"bolivia-ante-una-encrucijada-entre-la-restauracion-oligarquica-y-el-surgimiento-de-una-nueva-izquierda","status":"publish","type":"post","link":"https:\/\/ajicolorado.com\/?p=1012","title":{"rendered":"Bolivia ante una encrucijada: entre la restauraci\u00f3n olig\u00e1rquica y el surgimiento de una nueva izquierda"},"content":{"rendered":"\n<p class=\"wp-block-paragraph\">Bolivia atraviesa hoy una de las coyunturas pol\u00edticas, econ\u00f3micas y sociales m\u00e1s complejas de las \u00faltimas d\u00e9cadas. No estamos simplemente frente a un cambio de gobierno o a una disputa entre partidos. Estamos ante una disputa por el sentido mismo del Estado Plurinacional, por el modelo econ\u00f3mico que queremos construir y, sobre todo, por el futuro de las mayor\u00edas que hist\u00f3ricamente han sostenido este pa\u00eds.<\/p>\n\n\n\n<p class=\"wp-block-paragraph\">Considero que la crisis actual no tendr\u00e1 una salida real mientras no se produzca un cambio profundo en la conducci\u00f3n pol\u00edtica y en el proyecto de pa\u00eds. Bolivia necesita recuperar la capacidad de pensar su propio destino y dejar de aceptar que las decisiones fundamentales sean tomadas en funci\u00f3n de los intereses de peque\u00f1as minor\u00edas econ\u00f3micas.<\/p>\n\n\n\n<p class=\"wp-block-paragraph\">La Constituci\u00f3n Pol\u00edtica del Estado no es un papel cualquiera<\/p>\n\n\n\n<p class=\"wp-block-paragraph\">Uno de los aspectos que m\u00e1s preocupa de la coyuntura actual es la amenaza de modificar la Constituci\u00f3n Pol\u00edtica del Estado aprobada en 2009.<\/p>\n\n\n\n<p class=\"wp-block-paragraph\">Aquella Constituci\u00f3n fue aprobada mediante refer\u00e9ndum con m\u00e1s del 60% de respaldo popular. Represent\u00f3 un momento hist\u00f3rico en el que amplios sectores de la sociedad boliviana \u2014particularmente los pueblos ind\u00edgenas, originarios y campesinos\u2014 participaron en la construcci\u00f3n de un nuevo pacto social.<\/p>\n\n\n\n<p class=\"wp-block-paragraph\">Por eso, cualquier intento de modificarla no puede ser entendido simplemente como una decisi\u00f3n t\u00e9cnica o jur\u00eddica. Debe ser discutido por el conjunto de la sociedad.<\/p>\n\n\n\n<p class=\"wp-block-paragraph\">Bolivia es un Estado Plurinacional. Es un pa\u00eds construido por sus pueblos, por sus trabajadores, por sus comunidades, por sus campesinos, por sus pueblos ind\u00edgenas y por millones de ciudadanos que durante d\u00e9cadas fueron excluidos de las decisiones fundamentales.<\/p>\n\n\n\n<p class=\"wp-block-paragraph\">Las minor\u00edas econ\u00f3micas tienen derechos y deben ser respetadas. Pero no pueden pretender que sus intereses particulares se conviertan autom\u00e1ticamente en los intereses de toda Bolivia.<\/p>\n\n\n\n<p class=\"wp-block-paragraph\">\u00bfPara qui\u00e9n se est\u00e1 gobernando?<\/p>\n\n\n\n<p class=\"wp-block-paragraph\">Desde mi perspectiva, el actual gobierno de Rodrigo Paz est\u00e1 tomando un rumbo que favorece principalmente a sectores econ\u00f3micos dominantes y a determinados grupos empresariales, particularmente vinculados a la agroindustria y a los grandes intereses econ\u00f3micos.<\/p>\n\n\n\n<p class=\"wp-block-paragraph\">La pregunta fundamental, entonces, es sencilla:<\/p>\n\n\n\n<p class=\"wp-block-paragraph\">\u00bfPara qui\u00e9n se est\u00e1 gobernando?<\/p>\n\n\n\n<p class=\"wp-block-paragraph\">\u00bfPara las mayor\u00edas que viven de su trabajo?<\/p>\n\n\n\n<p class=\"wp-block-paragraph\">\u00bfPara los j\u00f3venes que estudian y buscan oportunidades?<\/p>\n\n\n\n<p class=\"wp-block-paragraph\">\u00bfPara los peque\u00f1os productores?<\/p>\n\n\n\n<p class=\"wp-block-paragraph\">\u00bfPara las familias que necesitan estabilidad econ\u00f3mica?<\/p>\n\n\n\n<p class=\"wp-block-paragraph\">\u00bfPara los trabajadores?<\/p>\n\n\n\n<p class=\"wp-block-paragraph\">\u00bfO para quienes concentran capital, tierras y capacidad de decisi\u00f3n?<\/p>\n\n\n\n<p class=\"wp-block-paragraph\">La pol\u00edtica no deber\u00eda convertirse en el instrumento mediante el cual una minor\u00eda econ\u00f3mica determine el destino de la mayor\u00eda.<\/p>\n\n\n\n<p class=\"wp-block-paragraph\">Y si existen denuncias de corrupci\u00f3n o de utilizaci\u00f3n indebida de recursos p\u00fablicos, estas deben investigarse con absoluta seriedad y transparencia. El dinero del Estado pertenece a la sociedad boliviana y nadie deber\u00eda apropiarse de \u00e9l, independientemente de su cargo o filiaci\u00f3n pol\u00edtica.<\/p>\n\n\n\n<p class=\"wp-block-paragraph\">El retorno de una l\u00f3gica que Bolivia ya conoci\u00f3<\/p>\n\n\n\n<p class=\"wp-block-paragraph\">Lo que preocupa a\u00fan m\u00e1s es que el rumbo actual pueda significar el retorno de una l\u00f3gica pol\u00edtica que Bolivia conoci\u00f3 durante las d\u00e9cadas de 1980 y 1990: gobiernos alejados de las mayor\u00edas, multipartidismo convertido en reparto de cuotas de poder, concentraci\u00f3n econ\u00f3mica y una pol\u00edtica cada vez m\u00e1s subordinada a intereses particulares.<\/p>\n\n\n\n<p class=\"wp-block-paragraph\">No debemos olvidar que aquel modelo termin\u00f3 provocando una profunda crisis de legitimidad y desemboc\u00f3 en la expulsi\u00f3n pol\u00edtica de quienes hab\u00edan gobernado bajo esa estructura.<\/p>\n\n\n\n<p class=\"wp-block-paragraph\">La historia deber\u00eda servirnos para aprender.<\/p>\n\n\n\n<p class=\"wp-block-paragraph\">Bolivia no puede volver simplemente al pasado.<\/p>\n\n\n\n<p class=\"wp-block-paragraph\">El problema no es solamente econ\u00f3mico: es cultural<\/p>\n\n\n\n<p class=\"wp-block-paragraph\">Existe algo todav\u00eda m\u00e1s profundo.<\/p>\n\n\n\n<p class=\"wp-block-paragraph\">Cuando un modelo econ\u00f3mico obliga a las personas a concentrarse exclusivamente en sobrevivir, se destruye algo fundamental: la capacidad de so\u00f1ar y planificar el futuro.<\/p>\n\n\n\n<p class=\"wp-block-paragraph\">Una sociedad en la que una persona debe preocuparse \u00fanicamente por llegar al final del mes dif\u00edcilmente puede construir un proyecto colectivo.<\/p>\n\n\n\n<p class=\"wp-block-paragraph\">\u00bfQu\u00e9 ocurre con nuestros j\u00f3venes?<\/p>\n\n\n\n<p class=\"wp-block-paragraph\">Estudian durante a\u00f1os. Se esfuerzan. Se forman profesionalmente. Muchos pasan gran parte de su juventud dentro de las universidades. Sin embargo, despu\u00e9s de obtener un t\u00edtulo, no encuentran oportunidades suficientes para ejercer aquello para lo que se prepararon.<\/p>\n\n\n\n<p class=\"wp-block-paragraph\">Y entonces aparece una realidad dolorosa: profesionales que terminan buscando cualquier actividad que les permita sobrevivir.<\/p>\n\n\n\n<p class=\"wp-block-paragraph\">Ese no puede ser el horizonte de Bolivia.<\/p>\n\n\n\n<p class=\"wp-block-paragraph\">No podemos construir un pa\u00eds donde estudiar sea un sacrificio para terminar sobreviviendo.<\/p>\n\n\n\n<p class=\"wp-block-paragraph\">El conocimiento debe convertirse en una fuerza productiva y transformadora.<\/p>\n\n\n\n<p class=\"wp-block-paragraph\">La crisis tambi\u00e9n est\u00e1 generando una nueva generaci\u00f3n pol\u00edtica<\/p>\n\n\n\n<p class=\"wp-block-paragraph\">Parad\u00f3jicamente, las mismas condiciones materiales que est\u00e1n provocando frustraci\u00f3n pueden generar algo nuevo.<\/p>\n\n\n\n<p class=\"wp-block-paragraph\">Una juventud que observa c\u00f3mo se deterioran sus oportunidades, que cuestiona el modelo econ\u00f3mico y que ve c\u00f3mo las promesas pol\u00edticas se contradicen con las acciones de gobierno, tarde o temprano comenzar\u00e1 a buscar alternativas.<\/p>\n\n\n\n<p class=\"wp-block-paragraph\">Por eso considero que Bolivia puede estar frente al surgimiento de una nueva generaci\u00f3n de j\u00f3venes revolucionarios.<\/p>\n\n\n\n<p class=\"wp-block-paragraph\">No necesariamente una revoluci\u00f3n entendida como violencia o destrucci\u00f3n, sino como una transformaci\u00f3n profunda de las estructuras econ\u00f3micas, culturales, educativas y pol\u00edticas.<\/p>\n\n\n\n<p class=\"wp-block-paragraph\">Una generaci\u00f3n que ya no quiera aceptar que su destino sea simplemente sobrevivir.<\/p>\n\n\n\n<p class=\"wp-block-paragraph\">Una generaci\u00f3n que quiera estudiar, producir, investigar, crear, gobernar y transformar.<\/p>\n\n\n\n<p class=\"wp-block-paragraph\">La extrema derecha puede terminar provocando su propia contradicci\u00f3n<\/p>\n\n\n\n<p class=\"wp-block-paragraph\">Cuando una sociedad es llevada hacia una posici\u00f3n extrema, tambi\u00e9n puede producirse una reacci\u00f3n desde el otro extremo.<\/p>\n\n\n\n<p class=\"wp-block-paragraph\">Si Bolivia est\u00e1 experimentando un avance de pol\u00edticas de extrema derecha, considero que tambi\u00e9n puede surgir una nueva izquierda con mayor fuerza.<\/p>\n\n\n\n<p class=\"wp-block-paragraph\">Pero esa izquierda no puede ser una simple repetici\u00f3n del pasado.<\/p>\n\n\n\n<p class=\"wp-block-paragraph\">No puede limitarse a reivindicar viejos liderazgos.<\/p>\n\n\n\n<p class=\"wp-block-paragraph\">No puede repetir los errores del Movimiento al Socialismo.<\/p>\n\n\n\n<p class=\"wp-block-paragraph\">Porque tambi\u00e9n debemos reconocerlo: el proceso de cambio fue traicionado desde dentro.<\/p>\n\n\n\n<p class=\"wp-block-paragraph\">\u00c1\u00f1ez represent\u00f3 una ruptura traum\u00e1tica y profundiz\u00f3 la crisis pol\u00edtica. Posteriormente, el gobierno de Luis Arce gener\u00f3 enormes decepciones dentro del movimiento popular. Y ahora el gobierno de Rodrigo Paz, desde una orientaci\u00f3n distinta, corre el riesgo de llevar al pa\u00eds hacia un modelo que muchos bolivianos cre\u00edan superado.<\/p>\n\n\n\n<p class=\"wp-block-paragraph\">Por eso la nueva izquierda que Bolivia necesita debe ser cr\u00edtica incluso consigo misma.<\/p>\n\n\n\n<p class=\"wp-block-paragraph\">Debe aprender de sus errores.<\/p>\n\n\n\n<p class=\"wp-block-paragraph\">Debe recuperar la \u00e9tica.<\/p>\n\n\n\n<p class=\"wp-block-paragraph\">Debe recuperar la capacidad de escuchar.<\/p>\n\n\n\n<p class=\"wp-block-paragraph\">Y debe volver a colocar a las mayor\u00edas en el centro de la pol\u00edtica.<\/p>\n\n\n\n<p class=\"wp-block-paragraph\">El litio y los recursos estrat\u00e9gicos no pueden convertirse en una nueva historia de saqueo<\/p>\n\n\n\n<p class=\"wp-block-paragraph\">Existe adem\u00e1s una preocupaci\u00f3n fundamental respecto a nuestros recursos naturales.<\/p>\n\n\n\n<p class=\"wp-block-paragraph\">Bolivia posee litio, minerales y otros recursos estrat\u00e9gicos que pueden convertirse en una oportunidad hist\u00f3rica.<\/p>\n\n\n\n<p class=\"wp-block-paragraph\">Pero tambi\u00e9n pueden convertirse en una nueva historia de dependencia.<\/p>\n\n\n\n<p class=\"wp-block-paragraph\">Si Bolivia entrega sus recursos estrat\u00e9gicos sin condiciones adecuadas, sin transferencia tecnol\u00f3gica, sin participaci\u00f3n nacional, sin industrializaci\u00f3n y sin beneficios suficientes para el pueblo, estaremos repitiendo una historia que Am\u00e9rica Latina conoce demasiado bien.<\/p>\n\n\n\n<p class=\"wp-block-paragraph\">No podemos permitir que Bolivia venda sus recursos a precio de \u201cgallina muerta\u201d mientras otros obtienen la mayor parte del beneficio.<\/p>\n\n\n\n<p class=\"wp-block-paragraph\">La riqueza natural debe convertirse en conocimiento, tecnolog\u00eda, industria, empleo y bienestar.<\/p>\n\n\n\n<p class=\"wp-block-paragraph\">El recurso no debe ser el final del proceso productivo. Debe ser el punto de partida.<\/p>\n\n\n\n<p class=\"wp-block-paragraph\">La respuesta debe ser una revoluci\u00f3n cultural<\/p>\n\n\n\n<p class=\"wp-block-paragraph\">Por eso planteo una idea central:<\/p>\n\n\n\n<p class=\"wp-block-paragraph\">Bolivia necesita una revoluci\u00f3n cultural.<\/p>\n\n\n\n<p class=\"wp-block-paragraph\">Una revoluci\u00f3n cultural que transforme nuestra manera de pensar el pa\u00eds.<\/p>\n\n\n\n<p class=\"wp-block-paragraph\">Que permita que nuestros j\u00f3venes vuelvan a so\u00f1ar.<\/p>\n\n\n\n<p class=\"wp-block-paragraph\">Que convierta la educaci\u00f3n en una herramienta de liberaci\u00f3n.<\/p>\n\n\n\n<p class=\"wp-block-paragraph\">Que reconozca los saberes de nuestros pueblos.<\/p>\n\n\n\n<p class=\"wp-block-paragraph\">Que fortalezca la investigaci\u00f3n cient\u00edfica.<\/p>\n\n\n\n<p class=\"wp-block-paragraph\">Que impulse la creatividad.<\/p>\n\n\n\n<p class=\"wp-block-paragraph\">Que genere una nueva \u00e9tica p\u00fablica.<\/p>\n\n\n\n<p class=\"wp-block-paragraph\">Que nos permita dejar de importar recetas y empezar a construir soluciones desde nuestra propia realidad.<\/p>\n\n\n\n<p class=\"wp-block-paragraph\">Pero esa revoluci\u00f3n cultural necesita tambi\u00e9n una revoluci\u00f3n econ\u00f3mica.<\/p>\n\n\n\n<p class=\"wp-block-paragraph\">Una econom\u00eda que produzca.<\/p>\n\n\n\n<p class=\"wp-block-paragraph\">Que industrialice.<\/p>\n\n\n\n<p class=\"wp-block-paragraph\">Que genere empleo digno.<\/p>\n\n\n\n<p class=\"wp-block-paragraph\">Que fortalezca al peque\u00f1o productor.<\/p>\n\n\n\n<p class=\"wp-block-paragraph\">Que proteja al trabajador.<\/p>\n\n\n\n<p class=\"wp-block-paragraph\">Que impulse a nuestros profesionales.<\/p>\n\n\n\n<p class=\"wp-block-paragraph\">Que genere oportunidades para la juventud.<\/p>\n\n\n\n<p class=\"wp-block-paragraph\">Y que distribuya de manera m\u00e1s justa los beneficios del crecimiento.<\/p>\n\n\n\n<p class=\"wp-block-paragraph\">No basta con cambiar de gobierno: debemos cambiar el sentido del poder<\/p>\n\n\n\n<p class=\"wp-block-paragraph\">El desaf\u00edo hist\u00f3rico no consiste \u00fanicamente en sacar a un gobierno para poner a otro.<\/p>\n\n\n\n<p class=\"wp-block-paragraph\">Ese ser\u00eda un error.<\/p>\n\n\n\n<p class=\"wp-block-paragraph\">El verdadero desaf\u00edo es construir un nuevo proyecto nacional.<\/p>\n\n\n\n<p class=\"wp-block-paragraph\">Uno que entienda que la pol\u00edtica no existe para enriquecer a una \u00e9lite ni para satisfacer los intereses de peque\u00f1os grupos de poder.<\/p>\n\n\n\n<p class=\"wp-block-paragraph\">La pol\u00edtica debe servir para satisfacer las necesidades de las mayor\u00edas.<\/p>\n\n\n\n<p class=\"wp-block-paragraph\">Esa deber\u00eda ser la medida de cualquier gobierno.<\/p>\n\n\n\n<p class=\"wp-block-paragraph\">No cu\u00e1nto favorece a sus amigos.<\/p>\n\n\n\n<p class=\"wp-block-paragraph\">No cu\u00e1nto beneficia a los grandes grupos econ\u00f3micos.<\/p>\n\n\n\n<p class=\"wp-block-paragraph\">No cu\u00e1ntas promesas puede pronunciar.<\/p>\n\n\n\n<p class=\"wp-block-paragraph\">Sino cu\u00e1nto mejora la vida concreta de la gente.<\/p>\n\n\n\n<p class=\"wp-block-paragraph\">Una nueva izquierda para un nuevo momento hist\u00f3rico<\/p>\n\n\n\n<p class=\"wp-block-paragraph\">Si efectivamente est\u00e1 naciendo una nueva izquierda en Bolivia, esta debe ser diferente.<\/p>\n\n\n\n<p class=\"wp-block-paragraph\">Debe ser profundamente democr\u00e1tica.<\/p>\n\n\n\n<p class=\"wp-block-paragraph\">Debe ser popular sin ser populista.<\/p>\n\n\n\n<p class=\"wp-block-paragraph\">Debe ser revolucionaria sin ser ingenua.<\/p>\n\n\n\n<p class=\"wp-block-paragraph\">Debe ser nacional sin caer en nacionalismos excluyentes.<\/p>\n\n\n\n<p class=\"wp-block-paragraph\">Debe ser ind\u00edgena y plurinacional sin excluir a nadie.<\/p>\n\n\n\n<p class=\"wp-block-paragraph\">Debe defender la soberan\u00eda de Bolivia sin cerrar las puertas al mundo.<\/p>\n\n\n\n<p class=\"wp-block-paragraph\">Debe utilizar la ciencia y la tecnolog\u00eda sin someterse culturalmente a quienes las producen.<\/p>\n\n\n\n<p class=\"wp-block-paragraph\">Y, sobre todo, debe ser capaz de construir.<\/p>\n\n\n\n<p class=\"wp-block-paragraph\">Porque criticar es f\u00e1cil.<\/p>\n\n\n\n<p class=\"wp-block-paragraph\">Lo verdaderamente revolucionario es resolver.<\/p>\n\n\n\n<p class=\"wp-block-paragraph\">Resolver el problema educativo.<\/p>\n\n\n\n<p class=\"wp-block-paragraph\">Resolver el problema productivo.<\/p>\n\n\n\n<p class=\"wp-block-paragraph\">Resolver el desempleo juvenil.<\/p>\n\n\n\n<p class=\"wp-block-paragraph\">Resolver la dependencia econ\u00f3mica.<\/p>\n\n\n\n<p class=\"wp-block-paragraph\">Resolver la corrupci\u00f3n.<\/p>\n\n\n\n<p class=\"wp-block-paragraph\">Resolver la desigualdad.<\/p>\n\n\n\n<p class=\"wp-block-paragraph\">Resolver la falta de oportunidades.<\/p>\n\n\n\n<p class=\"wp-block-paragraph\">El futuro todav\u00eda est\u00e1 abierto<\/p>\n\n\n\n<p class=\"wp-block-paragraph\">Bolivia no est\u00e1 condenada.<\/p>\n\n\n\n<p class=\"wp-block-paragraph\">La crisis no tiene por qu\u00e9 convertirse en derrota.<\/p>\n\n\n\n<p class=\"wp-block-paragraph\">Puede convertirse en una oportunidad hist\u00f3rica.<\/p>\n\n\n\n<p class=\"wp-block-paragraph\">Las sociedades cambian cuando las personas dejan de resignarse.<\/p>\n\n\n\n<p class=\"wp-block-paragraph\">Y hoy existe una generaci\u00f3n que comienza a preguntarse por qu\u00e9 debe aceptar un pa\u00eds en el que estudiar no garantiza oportunidades, trabajar no garantiza estabilidad y tener recursos naturales no garantiza bienestar.<\/p>\n\n\n\n<p class=\"wp-block-paragraph\">Esa generaci\u00f3n puede convertirse en protagonista de una nueva etapa.<\/p>\n\n\n\n<p class=\"wp-block-paragraph\">Pero para hacerlo necesita ideas.<\/p>\n\n\n\n<p class=\"wp-block-paragraph\">Necesita organizaci\u00f3n.<\/p>\n\n\n\n<p class=\"wp-block-paragraph\">Necesita conocimiento.<\/p>\n\n\n\n<p class=\"wp-block-paragraph\">Necesita \u00e9tica.<\/p>\n\n\n\n<p class=\"wp-block-paragraph\">Y necesita, sobre todo, recuperar la capacidad de imaginar un pa\u00eds diferente.<\/p>\n\n\n\n<p class=\"wp-block-paragraph\">Bolivia necesita volver a so\u00f1ar.<\/p>\n\n\n\n<p class=\"wp-block-paragraph\">Y cuando un pueblo vuelve a so\u00f1ar, tambi\u00e9n vuelve a luchar por aquello que considera posible.<\/p>\n","protected":false},"excerpt":{"rendered":"<p>Bolivia atraviesa hoy una de las coyunturas pol\u00edticas, econ\u00f3micas y sociales m\u00e1s complejas de las \u00faltimas d\u00e9cadas. No estamos simplemente frente a un cambio de gobierno o a una disputa entre partidos. Estamos ante una disputa por el sentido mismo del Estado Plurinacional, por el modelo econ\u00f3mico que queremos construir y, sobre todo, por el [&hellip;]<\/p>\n","protected":false},"author":28,"featured_media":1017,"comment_status":"open","ping_status":"open","sticky":false,"template":"","format":"standard","meta":{"footnotes":"","jetpack_publicize_message":"Reflexi\u00f3n necesaria","jetpack_publicize_feature_enabled":true,"jetpack_social_post_already_shared":false,"jetpack_social_options":{"image_generator_settings":{"template":"highway","default_image_id":0,"font":"","enabled":false},"version":2}},"categories":[4,3],"tags":[],"class_list":["post-1012","post","type-post","status-publish","format-standard","has-post-thumbnail","category-articulos","category-muy-picante"],"jetpack_publicize_connections":[],"wpmagazine_modules_lite_featured_media_urls":{"thumbnail":["https:\/\/ajicolorado.com\/wp-content\/uploads\/2026\/09\/ump.di_-150x150.jpeg",150,150,true],"cvmm-medium":["https:\/\/ajicolorado.com\/wp-content\/uploads\/2026\/09\/ump.di_-300x300.jpeg",300,300,true],"cvmm-medium-plus":["https:\/\/ajicolorado.com\/wp-content\/uploads\/2026\/09\/ump.di_-305x207.jpeg",305,207,true],"cvmm-portrait":["https:\/\/ajicolorado.com\/wp-content\/uploads\/2026\/09\/ump.di_-400x600.jpeg",400,600,true],"cvmm-medium-square":["https:\/\/ajicolorado.com\/wp-content\/uploads\/2026\/09\/ump.di_-600x600.jpeg",600,600,true],"cvmm-large":["https:\/\/ajicolorado.com\/wp-content\/uploads\/2026\/09\/ump.di_.jpeg",900,643,false],"cvmm-small":["https:\/\/ajicolorado.com\/wp-content\/uploads\/2026\/09\/ump.di_-130x95.jpeg",130,95,true],"full":["https:\/\/ajicolorado.com\/wp-content\/uploads\/2026\/09\/ump.di_.jpeg",900,643,false]},"categories_names":{"4":{"name":"ART\u00cdCULOS","link":"https:\/\/ajicolorado.com\/?cat=4"},"3":{"name":"MUY PICANTE","link":"https:\/\/ajicolorado.com\/?cat=3"}},"tags_names":[],"comments_number":"0","brizy_media":[],"_links":{"self":[{"href":"https:\/\/ajicolorado.com\/index.php?rest_route=\/wp\/v2\/posts\/1012","targetHints":{"allow":["GET"]}}],"collection":[{"href":"https:\/\/ajicolorado.com\/index.php?rest_route=\/wp\/v2\/posts"}],"about":[{"href":"https:\/\/ajicolorado.com\/index.php?rest_route=\/wp\/v2\/types\/post"}],"author":[{"embeddable":true,"href":"https:\/\/ajicolorado.com\/index.php?rest_route=\/wp\/v2\/users\/28"}],"replies":[{"embeddable":true,"href":"https:\/\/ajicolorado.com\/index.php?rest_route=%2Fwp%2Fv2%2Fcomments&post=1012"}],"version-history":[{"count":2,"href":"https:\/\/ajicolorado.com\/index.php?rest_route=\/wp\/v2\/posts\/1012\/revisions"}],"predecessor-version":[{"id":1016,"href":"https:\/\/ajicolorado.com\/index.php?rest_route=\/wp\/v2\/posts\/1012\/revisions\/1016"}],"wp:featuredmedia":[{"embeddable":true,"href":"https:\/\/ajicolorado.com\/index.php?rest_route=\/wp\/v2\/media\/1017"}],"wp:attachment":[{"href":"https:\/\/ajicolorado.com\/index.php?rest_route=%2Fwp%2Fv2%2Fmedia&parent=1012"}],"wp:term":[{"taxonomy":"category","embeddable":true,"href":"https:\/\/ajicolorado.com\/index.php?rest_route=%2Fwp%2Fv2%2Fcategories&post=1012"},{"taxonomy":"post_tag","embeddable":true,"href":"https:\/\/ajicolorado.com\/index.php?rest_route=%2Fwp%2Fv2%2Ftags&post=1012"}],"curies":[{"name":"wp","href":"https:\/\/api.w.org\/{rel}","templated":true}]}}