{"id":1009,"date":"2026-09-02T19:40:59","date_gmt":"2026-09-02T23:40:59","guid":{"rendered":"https:\/\/ajicolorado.com\/?p=1009"},"modified":"2026-09-02T19:41:00","modified_gmt":"2026-09-02T23:41:00","slug":"del-dormitorio-al-palacio-el-escandalo-que-nadie-vio-venir","status":"publish","type":"post","link":"https:\/\/ajicolorado.com\/?p=1009","title":{"rendered":"Del dormitorio al Palacio: el esc\u00e1ndalo que nadie vio venir"},"content":{"rendered":"\n<h2 class=\"wp-block-heading\">\ud835\ude3f\ud835\ude5a\u00a0\ud835\ude61\ud835\ude56\u00a0\ud835\ude59\ud835\ude5a\ud835\ude63\ud835\ude6a\ud835\ude63\ud835\ude58\ud835\ude5e\ud835\ude56\u00a0\ud835\ude56\u00a0\ud835\ude61\ud835\ude56\u00a0\ud835\ude59\ud835\ude5a\ud835\ude5b\ud835\ude5a\ud835\ude63\ud835\ude68\ud835\ude56: \u00bf\ud835\ude56\u00a0\ud835\ude66\ud835\ude6a\ud835\ude5e\ud835\ude5a\u0301\ud835\ude63\u00a0\ud835\ude65\ud835\ude67\ud835\ude64\ud835\ude69\ud835\ude5a\ud835\ude5c\ud835\ude5a\u00a0\ud835\ude49\ud835\ude56\ud835\ude59\ud835\ude5e\ud835\ude56\u00a0\ud835\ude3d\ud835\ude5a\ud835\ude61\ud835\ude61\ud835\ude5a\ud835\ude67?<\/h2>\n\n\n\n<p class=\"wp-block-paragraph\">\ud835\udfed\ud835\udff4\/\ud835\udfec\ud835\udff5\/\ud835\udfee\ud835\udff2&nbsp;\u2014 \u00ab\ud835\ude0c\ud835\ude2d&nbsp;\ud835\ude31\ud835\ude33\ud835\ude2a\ud835\ude2f\ud835\ude24\ud835\ude2a\ud835\ude31\ud835\ude22\ud835\ude2d&nbsp;\ud835\ude2a\ud835\ude2f\ud835\ude35\ud835\ude26\ud835\ude33\ud835\ude26\ud835\ude34\ud835\ude22\ud835\ude25\ud835\ude30&nbsp;\ud835\ude26\ud835\ude2f&nbsp;\ud835\ude24\ud835\ude22\ud835\ude2d\ud835\ude2d\ud835\ude22\ud835\ude33\ud835\ude2e\ud835\ude26&nbsp;\ud835\ude26\ud835\ude34&nbsp;\ud835\ude19\ud835\ude30\ud835\ude25\ud835\ude33\ud835\ude2a\ud835\ude28\ud835\ude30&nbsp;\ud835\ude17\ud835\ude22\ud835\ude3b&nbsp;\ud835\ude3a&nbsp;\ud835\ude34\ud835\ude36&nbsp;\ud835\ude26\ud835\ude34\ud835\ude31\ud835\ude30\ud835\ude34\ud835\ude22\u00bb<\/p>\n\n\n\n<p class=\"wp-block-paragraph\">\ud835\udfec\ud835\udfed\/\ud835\udfed\ud835\udfec\/\ud835\udfee\ud835\udff2&nbsp;\u2014 \u00ab\ud835\ude0c\ud835\ude34\ud835\ude35\ud835\ude30&nbsp;(el intento de feminicidio en mi contra),&nbsp;\ud835\ude31\ud835\ude30\ud835\ude33&nbsp;\ud835\ude34\ud835\ude36\ud835\ude31\ud835\ude36\ud835\ude26\ud835\ude34\ud835\ude35\ud835\ude30&nbsp;\ud835\ude32\ud835\ude36\ud835\ude26&nbsp;\ud835\ude2f\ud835\ude30&nbsp;\ud835\ude35\ud835\ude2a\ud835\ude26\ud835\ude2f\ud835\ude26&nbsp;\ud835\ude32\ud835\ude36\ud835\ude26&nbsp;\ud835\ude24\ud835\ude30\ud835\ude34\ud835\ude35\ud835\ude22\ud835\ude33\ud835\ude2d\ud835\ude26&nbsp;\ud835\ude26\ud835\ude2d&nbsp;\ud835\ude0e\ud835\ude30\ud835\ude23\ud835\ude2a\ud835\ude26\ud835\ude33\ud835\ude2f\ud835\ude30&nbsp;\ud835\ude22\ud835\ude19\ud835\ude30\ud835\ude25\ud835\ude33\ud835\ude2a\ud835\ude28\ud835\ude30&nbsp;\ud835\ude17\ud835\ude22\ud835\ude3b;&nbsp;\ud835\ude2f\ud835\ude30&nbsp;\ud835\ude35\ud835\ude2a\ud835\ude26\ud835\ude2f\ud835\ude26&nbsp;\ud835\ude32\ud835\ude36\ud835\ude26&nbsp;\ud835\ude33\ud835\ude26\ud835\ude2f\ud835\ude36\ud835\ude2f\ud835\ude24\ud835\ude2a\ud835\ude22\ud835\ude33.&nbsp;\ud835\ude1a\ud835\ude26\ud835\ude33\ud835\ude2a\u0301\ud835\ude22&nbsp;\ud835\ude2d\ud835\ude30&nbsp;\ud835\ude31\ud835\ude26\ud835\ude30\ud835\ude33&nbsp;\ud835\ude32\ud835\ude36\ud835\ude26&nbsp;\ud835\ude2d\ud835\ude26&nbsp;\ud835\ude31\ud835\ude36\ud835\ude26\ud835\ude25\ud835\ude26&nbsp;\ud835\ude31\ud835\ude22\ud835\ude34\ud835\ude22\ud835\ude33&nbsp;\ud835\ude22\ud835\ude2d&nbsp;\ud835\ude31\ud835\ude22\ud835\ude2a\u0301\ud835\ude34\u2026\u00bb<\/p>\n\n\n\n<p class=\"wp-block-paragraph\">\u00bf\ud835\ude4b\ud835\ude64\ud835\ude67&nbsp;\ud835\ude66\ud835\ude6a\ud835\ude5a\u0301&nbsp;\ud835\ude65\ud835\ude56\ud835\ude68\ud835\ude56&nbsp;\ud835\ude59\ud835\ude5a&nbsp;\ud835\ude59\ud835\ude5a\ud835\ude63\ud835\ude6a\ud835\ude63\ud835\ude58\ud835\ude5e\ud835\ude56\ud835\ude67&nbsp;\ud835\ude56&nbsp;\ud835\ude65\ud835\ude67\ud835\ude64\ud835\ude69\ud835\ude5a\ud835\ude5c\ud835\ude5a\ud835\ude67&nbsp;\ud835\ude61\ud835\ude56&nbsp;\ud835\ude5e\ud835\ude62\ud835\ude56\ud835\ude5c\ud835\ude5a\ud835\ude63&nbsp;\ud835\ude59\ud835\ude5a&nbsp;\ud835\ude61\ud835\ude64\ud835\ude68&nbsp;\ud835\ude4b\ud835\ude56\ud835\ude6f-\ud835\ude50\ud835\ude67\ud835\ude66\ud835\ude6a\ud835\ude5e\ud835\ude59\ud835\ude5e?<\/p>\n\n\n\n<p class=\"wp-block-paragraph\">Recientemente, Nadia Beller cuestion\u00f3 los audios denunciados por el Vicepresidente Edman Lara, en los que presuntamente se escucha a Cerimedo y a la primera dama Mar\u00eda Elena \u00abBibi\u00bb Urquidi definiendo el futuro del Comandante Nacional de Polic\u00eda. Pese a que la autenticidad de dichos audios fue verificada por @Joaqu\u00ednMartela, Beller afirma que: \u00ab\ud835\ude14\ud835\ude26&nbsp;\ud835\ude35\ud835\ude26\ud835\ude2e\ud835\ude30&nbsp;\ud835\ude32\ud835\ude36\ud835\ude26&nbsp;\ud835\ude31\ud835\ude30\ud835\ude25\ud835\ude33\ud835\ude2a\u0301\ud835\ude22&nbsp;\ud835\ude35\ud835\ude33\ud835\ude22\ud835\ude35\ud835\ude22\ud835\ude33\ud835\ude34\ud835\ude26&nbsp;\ud835\ude25\ud835\ude26&nbsp;\ud835\ude36\ud835\ude2f\ud835\ude22&nbsp;\ud835\ude35\ud835\ude33\ud835\ude22\ud835\ude2e\ud835\ude31\ud835\ude22\u00bb (contra Rodrigo Paz).<\/p>\n\n\n\n<p class=\"wp-block-paragraph\">Los amantes no consideraron la dimensi\u00f3n que su&nbsp;\ud835\ude22\ud835\ude27\ud835\ude27\ud835\ude22\ud835\ude2a\ud835\ude33\ud835\ude26&nbsp;(v\u00ednculo amoroso) podr\u00eda alcanzar, al grado de pasar de un esc\u00e1ndalo dom\u00e9stico a convertirla en la Mata Hari del siglo XXI o&nbsp;\ud835\uddd6\ud835\uddd8\ud835\udde5\ud835\udddc\ud835\udde0\ud835\uddd8\ud835\uddd7\ud835\udde2\ud835\uddda\ud835\uddd4\ud835\udde7\ud835\uddd8.<\/p>\n\n\n\n<p class=\"wp-block-paragraph\">En 1972, en Estados Unidos, se destap\u00f3 un esc\u00e1ndalo de espionaje pol\u00edtico y corrupci\u00f3n denominado Esc\u00e1ndalo de Watergate, que culmin\u00f3 en 1974 con la renuncia del presidente Richard Nixon. Desde entonces, el sufijo -\ud835\ude28\ud835\ude22\ud835\ude35\ud835\ude26&nbsp;se usa en todo el mundo para nombrar grandes esc\u00e1ndalos de corrupci\u00f3n o encubrimiento pol\u00edtico.<\/p>\n\n\n\n<p class=\"wp-block-paragraph\">En Bolivia hoy, d\u00eda a d\u00eda se destapan hechos de corrupci\u00f3n y delitos enmarcados en el C\u00f3digo Penal e, incluso, calificados de traici\u00f3n a la patria; estos involucran de forma directa a la familia del presidente Rodrigo Paz y su esposa Mar\u00eda Elena Urquidi.<\/p>\n\n\n\n<p class=\"wp-block-paragraph\">La sumatoria de hechos de corrupci\u00f3n, contraband0, narc0tr\u00e1fic0 y sicariat0s que involucran al Gobierno \u2014y que en tan solo nueve meses de gesti\u00f3n\u2014 lleg\u00f3 a su c\u00faspide con el intento de feminicidi0 e infanticidi0 contra Nadia Beller, que se encontraba embarazada. Los autores, o el autor intelectual, nunca imaginaron que este hecho podr\u00eda hacer caer todo un castillo de naipes con un gigante de pies de papel en la cima, llamado&nbsp;\ud835\ude59\ud835\ude5a\ud835\ude67\ud835\ude5a\ud835\ude58\ud835\ude5d\ud835\ude56&nbsp;\ud835\ude61\ud835\ude56\ud835\ude69\ud835\ude5e\ud835\ude63\ud835\ude64\ud835\ude56\ud835\ude62\ud835\ude5a\ud835\ude67\ud835\ude5e\ud835\ude58\ud835\ude56\ud835\ude63\ud835\ude56.<\/p>\n\n\n\n<p class=\"wp-block-paragraph\">La v\u00edctima, que intent\u00f3 ser as3sinada, tampoco crey\u00f3 que los secretos destilados entre s\u00e1banas desestabilizar\u00edan los cimientos de una corriente ideol\u00f3gica que gana espacios mediante un maniqueo y fraudulento manejo de bots y cuentas ficticias orientadas a distorsionar la percepci\u00f3n electoral en la regi\u00f3n, con magn\u00e1nimos poderes e intereses geopol\u00edticos y de apropiaci\u00f3n de recursos naturales. Esa mujer, que por instinto tuvo que decir toda su verdad como escudo de supervivencia, hoy intentar\u00e1 desdecirse y desvirtuar cualquier investigaci\u00f3n que involucre a la familia Paz-Urquidi, midiendo palabra por palabra cada declaraci\u00f3n; es consciente de que&nbsp;\ud835\uddf2\ud835\ude00\ud835\ude01\ud835\uddee\u0301&nbsp;\ud835\ude00\ud835\uddfc\ud835\uddf9\ud835\uddee&nbsp;en medio de una inmensa cloaca totalitaria que, desde el Ejecutivo, controla al Legislativo, al Poder Judicial, a la polic\u00eda y a los medios de comunicaci\u00f3n.<\/p>\n\n\n\n<p class=\"wp-block-paragraph\">Pregunto a ti, ciudadano de a pie:<\/p>\n\n\n\n<p class=\"wp-block-paragraph\">\u00bf\ud835\ude40\ud835\ude63&nbsp;\ud835\ude5a\ud835\ude68\ud835\ude69\ud835\ude56\ud835\ude68&nbsp;\ud835\ude58\ud835\ude64\ud835\ude63\ud835\ude59\ud835\ude5e\ud835\ude58\ud835\ude5e\ud835\ude64\ud835\ude63\ud835\ude5a\ud835\ude68&nbsp;\ud835\ude6e&nbsp;\ud835\ude68\ud835\ude5e\ud835\ude63&nbsp;\ud835\ude63\ud835\ude5e\ud835\ude63\ud835\ude5c\ud835\ude6a\ud835\ude63\ud835\ude56&nbsp;\ud835\ude5c\ud835\ude56\ud835\ude67\ud835\ude56\ud835\ude63\ud835\ude69\ud835\ude5e\u0301\ud835\ude56,&nbsp;\ud835\ude69\ud835\ude5a&nbsp;\ud835\ude56\ud835\ude69\ud835\ude67\ud835\ude5a\ud835\ude6b\ud835\ude5a\ud835\ude67\ud835\ude5e\u0301\ud835\ude56\ud835\ude68&nbsp;\ud835\ude56&nbsp;\ud835\ude5a\ud835\ude63\ud835\ude5b\ud835\ude67\ud835\ude5a\ud835\ude63\ud835\ude69\ud835\ude56\ud835\ude67&nbsp;\ud835\ude56&nbsp;\ud835\ude6a\ud835\ude63&nbsp;\ud835\ude58\ud835\ude56\u0301\ud835\ude67\ud835\ude69\ud835\ude5a\ud835\ude61&nbsp;\ud835\ude61\ud835\ude61\ud835\ude56\ud835\ude62\ud835\ude56\ud835\ude59\ud835\ude64&nbsp;\ud835\ude42\ud835\ude64\ud835\ude57\ud835\ude5e\ud835\ude5a\ud835\ude67\ud835\ude63\ud835\ude64?<\/p>\n","protected":false},"excerpt":{"rendered":"<p>\ud835\ude3f\ud835\ude5a\u00a0\ud835\ude61\ud835\ude56\u00a0\ud835\ude59\ud835\ude5a\ud835\ude63\ud835\ude6a\ud835\ude63\ud835\ude58\ud835\ude5e\ud835\ude56\u00a0\ud835\ude56\u00a0\ud835\ude61\ud835\ude56\u00a0\ud835\ude59\ud835\ude5a\ud835\ude5b\ud835\ude5a\ud835\ude63\ud835\ude68\ud835\ude56: \u00bf\ud835\ude56\u00a0\ud835\ude66\ud835\ude6a\ud835\ude5e\ud835\ude5a\u0301\ud835\ude63\u00a0\ud835\ude65\ud835\ude67\ud835\ude64\ud835\ude69\ud835\ude5a\ud835\ude5c\ud835\ude5a\u00a0\ud835\ude49\ud835\ude56\ud835\ude59\ud835\ude5e\ud835\ude56\u00a0\ud835\ude3d\ud835\ude5a\ud835\ude61\ud835\ude61\ud835\ude5a\ud835\ude67? \ud835\udfed\ud835\udff4\/\ud835\udfec\ud835\udff5\/\ud835\udfee\ud835\udff2&nbsp;\u2014 \u00ab\ud835\ude0c\ud835\ude2d&nbsp;\ud835\ude31\ud835\ude33\ud835\ude2a\ud835\ude2f\ud835\ude24\ud835\ude2a\ud835\ude31\ud835\ude22\ud835\ude2d&nbsp;\ud835\ude2a\ud835\ude2f\ud835\ude35\ud835\ude26\ud835\ude33\ud835\ude26\ud835\ude34\ud835\ude22\ud835\ude25\ud835\ude30&nbsp;\ud835\ude26\ud835\ude2f&nbsp;\ud835\ude24\ud835\ude22\ud835\ude2d\ud835\ude2d\ud835\ude22\ud835\ude33\ud835\ude2e\ud835\ude26&nbsp;\ud835\ude26\ud835\ude34&nbsp;\ud835\ude19\ud835\ude30\ud835\ude25\ud835\ude33\ud835\ude2a\ud835\ude28\ud835\ude30&nbsp;\ud835\ude17\ud835\ude22\ud835\ude3b&nbsp;\ud835\ude3a&nbsp;\ud835\ude34\ud835\ude36&nbsp;\ud835\ude26\ud835\ude34\ud835\ude31\ud835\ude30\ud835\ude34\ud835\ude22\u00bb \ud835\udfec\ud835\udfed\/\ud835\udfed\ud835\udfec\/\ud835\udfee\ud835\udff2&nbsp;\u2014 \u00ab\ud835\ude0c\ud835\ude34\ud835\ude35\ud835\ude30&nbsp;(el intento de feminicidio en mi contra),&nbsp;\ud835\ude31\ud835\ude30\ud835\ude33&nbsp;\ud835\ude34\ud835\ude36\ud835\ude31\ud835\ude36\ud835\ude26\ud835\ude34\ud835\ude35\ud835\ude30&nbsp;\ud835\ude32\ud835\ude36\ud835\ude26&nbsp;\ud835\ude2f\ud835\ude30&nbsp;\ud835\ude35\ud835\ude2a\ud835\ude26\ud835\ude2f\ud835\ude26&nbsp;\ud835\ude32\ud835\ude36\ud835\ude26&nbsp;\ud835\ude24\ud835\ude30\ud835\ude34\ud835\ude35\ud835\ude22\ud835\ude33\ud835\ude2d\ud835\ude26&nbsp;\ud835\ude26\ud835\ude2d&nbsp;\ud835\ude0e\ud835\ude30\ud835\ude23\ud835\ude2a\ud835\ude26\ud835\ude33\ud835\ude2f\ud835\ude30&nbsp;\ud835\ude22\ud835\ude19\ud835\ude30\ud835\ude25\ud835\ude33\ud835\ude2a\ud835\ude28\ud835\ude30&nbsp;\ud835\ude17\ud835\ude22\ud835\ude3b;&nbsp;\ud835\ude2f\ud835\ude30&nbsp;\ud835\ude35\ud835\ude2a\ud835\ude26\ud835\ude2f\ud835\ude26&nbsp;\ud835\ude32\ud835\ude36\ud835\ude26&nbsp;\ud835\ude33\ud835\ude26\ud835\ude2f\ud835\ude36\ud835\ude2f\ud835\ude24\ud835\ude2a\ud835\ude22\ud835\ude33.&nbsp;\ud835\ude1a\ud835\ude26\ud835\ude33\ud835\ude2a\u0301\ud835\ude22&nbsp;\ud835\ude2d\ud835\ude30&nbsp;\ud835\ude31\ud835\ude26\ud835\ude30\ud835\ude33&nbsp;\ud835\ude32\ud835\ude36\ud835\ude26&nbsp;\ud835\ude2d\ud835\ude26&nbsp;\ud835\ude31\ud835\ude36\ud835\ude26\ud835\ude25\ud835\ude26&nbsp;\ud835\ude31\ud835\ude22\ud835\ude34\ud835\ude22\ud835\ude33&nbsp;\ud835\ude22\ud835\ude2d&nbsp;\ud835\ude31\ud835\ude22\ud835\ude2a\u0301\ud835\ude34\u2026\u00bb \u00bf\ud835\ude4b\ud835\ude64\ud835\ude67&nbsp;\ud835\ude66\ud835\ude6a\ud835\ude5a\u0301&nbsp;\ud835\ude65\ud835\ude56\ud835\ude68\ud835\ude56&nbsp;\ud835\ude59\ud835\ude5a&nbsp;\ud835\ude59\ud835\ude5a\ud835\ude63\ud835\ude6a\ud835\ude63\ud835\ude58\ud835\ude5e\ud835\ude56\ud835\ude67&nbsp;\ud835\ude56&nbsp;\ud835\ude65\ud835\ude67\ud835\ude64\ud835\ude69\ud835\ude5a\ud835\ude5c\ud835\ude5a\ud835\ude67&nbsp;\ud835\ude61\ud835\ude56&nbsp;\ud835\ude5e\ud835\ude62\ud835\ude56\ud835\ude5c\ud835\ude5a\ud835\ude63&nbsp;\ud835\ude59\ud835\ude5a&nbsp;\ud835\ude61\ud835\ude64\ud835\ude68&nbsp;\ud835\ude4b\ud835\ude56\ud835\ude6f-\ud835\ude50\ud835\ude67\ud835\ude66\ud835\ude6a\ud835\ude5e\ud835\ude59\ud835\ude5e? Recientemente, Nadia Beller cuestion\u00f3 los audios denunciados por el Vicepresidente Edman Lara, en los que presuntamente se escucha a Cerimedo y a la primera dama Mar\u00eda Elena \u00abBibi\u00bb Urquidi definiendo el futuro del Comandante Nacional de Polic\u00eda. Pese a que la autenticidad [&hellip;]<\/p>\n","protected":false},"author":27,"featured_media":1010,"comment_status":"open","ping_status":"open","sticky":false,"template":"","format":"standard","meta":{"footnotes":"","jetpack_publicize_message":"La interpretaci\u00f3n de Miguel Zambrana en el contexto de un esc\u00e1ndalo de dimensiones insospechadas.","jetpack_publicize_feature_enabled":true,"jetpack_social_post_already_shared":false,"jetpack_social_options":{"image_generator_settings":{"template":"highway","default_image_id":0,"font":"","enabled":false},"version":2}},"categories":[4,3],"tags":[],"class_list":["post-1009","post","type-post","status-publish","format-standard","has-post-thumbnail","category-articulos","category-muy-picante"],"jetpack_publicize_connections":[],"wpmagazine_modules_lite_featured_media_urls":{"thumbnail":["https:\/\/ajicolorado.com\/wp-content\/uploads\/2026\/09\/CERIMEDO-PAZ-EN-ROJO-150x150.jpg",150,150,true],"cvmm-medium":["https:\/\/ajicolorado.com\/wp-content\/uploads\/2026\/09\/CERIMEDO-PAZ-EN-ROJO-300x300.jpg",300,300,true],"cvmm-medium-plus":["https:\/\/ajicolorado.com\/wp-content\/uploads\/2026\/09\/CERIMEDO-PAZ-EN-ROJO-305x207.jpg",305,207,true],"cvmm-portrait":["https:\/\/ajicolorado.com\/wp-content\/uploads\/2026\/09\/CERIMEDO-PAZ-EN-ROJO-400x600.jpg",400,600,true],"cvmm-medium-square":["https:\/\/ajicolorado.com\/wp-content\/uploads\/2026\/09\/CERIMEDO-PAZ-EN-ROJO-600x600.jpg",600,600,true],"cvmm-large":["https:\/\/ajicolorado.com\/wp-content\/uploads\/2026\/09\/CERIMEDO-PAZ-EN-ROJO-1024x675.jpg",1024,675,true],"cvmm-small":["https:\/\/ajicolorado.com\/wp-content\/uploads\/2026\/09\/CERIMEDO-PAZ-EN-ROJO-130x95.jpg",130,95,true],"full":["https:\/\/ajicolorado.com\/wp-content\/uploads\/2026\/09\/CERIMEDO-PAZ-EN-ROJO.jpg",1200,675,false]},"categories_names":{"4":{"name":"ART\u00cdCULOS","link":"https:\/\/ajicolorado.com\/?cat=4"},"3":{"name":"MUY PICANTE","link":"https:\/\/ajicolorado.com\/?cat=3"}},"tags_names":[],"comments_number":"0","brizy_media":[],"_links":{"self":[{"href":"https:\/\/ajicolorado.com\/index.php?rest_route=\/wp\/v2\/posts\/1009","targetHints":{"allow":["GET"]}}],"collection":[{"href":"https:\/\/ajicolorado.com\/index.php?rest_route=\/wp\/v2\/posts"}],"about":[{"href":"https:\/\/ajicolorado.com\/index.php?rest_route=\/wp\/v2\/types\/post"}],"author":[{"embeddable":true,"href":"https:\/\/ajicolorado.com\/index.php?rest_route=\/wp\/v2\/users\/27"}],"replies":[{"embeddable":true,"href":"https:\/\/ajicolorado.com\/index.php?rest_route=%2Fwp%2Fv2%2Fcomments&post=1009"}],"version-history":[{"count":1,"href":"https:\/\/ajicolorado.com\/index.php?rest_route=\/wp\/v2\/posts\/1009\/revisions"}],"predecessor-version":[{"id":1011,"href":"https:\/\/ajicolorado.com\/index.php?rest_route=\/wp\/v2\/posts\/1009\/revisions\/1011"}],"wp:featuredmedia":[{"embeddable":true,"href":"https:\/\/ajicolorado.com\/index.php?rest_route=\/wp\/v2\/media\/1010"}],"wp:attachment":[{"href":"https:\/\/ajicolorado.com\/index.php?rest_route=%2Fwp%2Fv2%2Fmedia&parent=1009"}],"wp:term":[{"taxonomy":"category","embeddable":true,"href":"https:\/\/ajicolorado.com\/index.php?rest_route=%2Fwp%2Fv2%2Fcategories&post=1009"},{"taxonomy":"post_tag","embeddable":true,"href":"https:\/\/ajicolorado.com\/index.php?rest_route=%2Fwp%2Fv2%2Ftags&post=1009"}],"curies":[{"name":"wp","href":"https:\/\/api.w.org\/{rel}","templated":true}]}}