{"id":1005,"date":"2026-09-01T08:08:27","date_gmt":"2026-09-01T12:08:27","guid":{"rendered":"https:\/\/ajicolorado.com\/?p=1005"},"modified":"2026-09-01T08:08:28","modified_gmt":"2026-09-01T12:08:28","slug":"la-izquierda-sin-perder-la-memoria-y-reinventando-el-futuro","status":"publish","type":"post","link":"https:\/\/ajicolorado.com\/?p=1005","title":{"rendered":"La izquierda: sin perder la memoria y reinventando el futuro"},"content":{"rendered":"\n<p class=\"wp-block-paragraph\">Mientras esperaba el bus de regreso a casa, despu\u00e9s de una jornada intensa de trabajo, me qued\u00e9 mirando esta imagen. Parada en una fila cualquiera, en medio del cansancio y de la rutina, la memoria comenz\u00f3 a hacer lo suyo.<\/p>\n\n\n\n<p class=\"wp-block-paragraph\">Pens\u00e9 en la ret\u00f3rica cansada del desgobierno de Rodrigo Paz y de sus aliados de derecha, esos que se presentan como opositores, pero que terminan acompa\u00f1ando las mismas recetas que ya conocemos.<\/p>\n\n\n\n<p class=\"wp-block-paragraph\">Y casi sin darme cuenta, aquella espera cotidiana se convirti\u00f3 en un viaje por la historia reciente de Bolivia.<\/p>\n\n\n\n<p class=\"wp-block-paragraph\">Record\u00e9 primero a Gonzalo S\u00e1nchez de Lozada. Record\u00e9 la llamada Guerra del Gas, la indignaci\u00f3n de un pueblo frente a un gobierno insensible que entend\u00eda el pa\u00eds desde los intereses de unos pocos y que respondi\u00f3 a la protesta social con represi\u00f3n.<\/p>\n\n\n\n<p class=\"wp-block-paragraph\">M\u00e1s de sesenta vidas quedaron en el camino. Siete de ellas eran de vecinos de Ovejuyo y Chasquipampa. No son una cifra para m\u00ed. Son rostros, familias, barrios y recuerdos. Son parte de una herida que no se borra.<\/p>\n\n\n\n<p class=\"wp-block-paragraph\">La ca\u00edda de Goni no fue solamente la ca\u00edda de un Presidente. Fue la expresi\u00f3n de una sociedad que hab\u00eda llegado al l\u00edmite frente a un modelo pol\u00edtico y econ\u00f3mico que hab\u00eda dejado de escucharla.<\/p>\n\n\n\n<p class=\"wp-block-paragraph\"><strong>Despu\u00e9s vino Carlos Mesa<\/strong><\/p>\n\n\n\n<p class=\"wp-block-paragraph\">Recuerdo aquel gobierno y aquella Plaza Murillo cerrada en m\u00e1s de una ocasi\u00f3n, mientras un Presidente atrapado entre sus propias contradicciones parec\u00eda no encontrar el rumbo ni la fortaleza para ejercer el liderazgo que el momento exig\u00eda.<\/p>\n\n\n\n<p class=\"wp-block-paragraph\">Finalmente, despu\u00e9s de una profunda crisis pol\u00edtica y social, Mesa dej\u00f3 la Presidencia y el pa\u00eds entr\u00f3 en una nueva etapa.<\/p>\n\n\n\n<p class=\"wp-block-paragraph\"><strong>Pero algo ya hab\u00eda cambiado para siempre<\/strong><\/p>\n\n\n\n<p class=\"wp-block-paragraph\">Las luchas de octubre hab\u00edan puesto sobre la mesa demandas que ya no pod\u00edan ser ignoradas: la recuperaci\u00f3n de nuestros recursos naturales, la soberan\u00eda sobre el gas y la construcci\u00f3n de una nueva institucionalidad que reconociera a quienes durante d\u00e9cadas hab\u00edan sido excluidos.<\/p>\n\n\n\n<p class=\"wp-block-paragraph\">Un pa\u00eds comenz\u00f3 a mirarse de otra manera. Recuerdo la inauguraci\u00f3n de la Asamblea Constituyente y aquel desfile multicolor del 6 de agosto.<\/p>\n\n\n\n<p class=\"wp-block-paragraph\">Yo estaba all\u00ed y pude mirar una escena que, para m\u00ed, resum\u00eda una transformaci\u00f3n profunda.<\/p>\n\n\n\n<p class=\"wp-block-paragraph\">Vi dignidad.<\/p>\n\n\n\n<p class=\"wp-block-paragraph\">Vi inclusi\u00f3n.<\/p>\n\n\n\n<p class=\"wp-block-paragraph\">Vi pueblos, naciones, identidades y culturas que durante d\u00e9cadas hab\u00edan sido relegadas a los m\u00e1rgenes ocupando finalmente un lugar visible en el Estado.<\/p>\n\n\n\n<p class=\"wp-block-paragraph\">Era la imagen de una Bolivia que comenzaba a reconocerse a s\u00ed misma. No era solamente un desfile. Era la representaci\u00f3n de un pa\u00eds plural y diverso que empezaba a sentirse parte de la construcci\u00f3n de su propio Estado.<\/p>\n\n\n\n<p class=\"wp-block-paragraph\">La Asamblea Constituyente fue parte de esa transformaci\u00f3n y dio paso a una nueva Constituci\u00f3n Pol\u00edtica del Estado, que reconoci\u00f3 el car\u00e1cter plurinacional de Bolivia y ampli\u00f3 derechos y formas de participaci\u00f3n hist\u00f3ricamente postergadas.<\/p>\n\n\n\n<p class=\"wp-block-paragraph\">Y luego lleg\u00f3 una de las decisiones que marcaron ese nuevo momento hist\u00f3rico. El 1 de mayo de 2006 se nacionalizaron los hidrocarburos.<\/p>\n\n\n\n<p class=\"wp-block-paragraph\">YPFB volvi\u00f3 a ocupar un lugar central en la administraci\u00f3n de nuestros recursos naturales y una mayor parte de la renta hidrocarbur\u00edfera comenz\u00f3 a quedarse en Bolivia para financiar inversi\u00f3n p\u00fablica y pol\u00edticas de redistribuci\u00f3n social.<\/p>\n\n\n\n<p class=\"wp-block-paragraph\">No se trataba solamente de petr\u00f3leo y gas. Se trataba de soberan\u00eda, de recuperar para el Estado lo que durante a\u00f1os hab\u00eda sido entregado a intereses privados y transnacionales. Se trataba de que los recursos naturales pudieran convertirse en escuelas, caminos, hospitales, infraestructura y pol\u00edticas sociales.<\/p>\n\n\n\n<p class=\"wp-block-paragraph\">Y basta mirar alrededor para encontrar parte de aquellas transformaciones.<\/p>\n\n\n\n<p class=\"wp-block-paragraph\"><strong>Una ciudad que tambi\u00e9n cambi\u00f3\u2026<\/strong><\/p>\n\n\n\n<p class=\"wp-block-paragraph\">Mientras esperaba aquel bus, vi tambi\u00e9n el maravilloso Telef\u00e9rico desplaz\u00e1ndose sobre La Paz. Ese mismo Telef\u00e9rico que quienes desprecian los llamados \u00ab20 a\u00f1os\u00bb utilizan, parad\u00f3jicamente, todos los d\u00edas. Miles de pace\u00f1os, pace\u00f1as y residentes lo utilizan para volver a sus casas, llegar a sus trabajos, encontrarse con sus familias o simplemente tomarse un api en una estaci\u00f3n antes de continuar el camino.<\/p>\n\n\n\n<p class=\"wp-block-paragraph\">Las obras, cuando son apropiadas por la gente, dejan de pertenecer a un gobierno. Se convierten en parte de la ciudad. Se convierten en parte de la vida cotidiana.<\/p>\n\n\n\n<p class=\"wp-block-paragraph\">Y all\u00ed estaba tambi\u00e9n YPFB, como un recordatorio de lo que signific\u00f3 recuperar para el Estado la renta de nuestros recursos naturales.<\/p>\n\n\n\n<p class=\"wp-block-paragraph\"><strong>2019: el quiebre\u2026<\/strong><\/p>\n\n\n\n<p class=\"wp-block-paragraph\">Pero la historia no termin\u00f3 all\u00ed. Lleg\u00f3 2019. Lleg\u00f3 una crisis pol\u00edtica profunda, una elecci\u00f3n cuestionada, movilizaciones, violencia, una ruptura institucional y finalmente la salida de Evo Morales del poder.<\/p>\n\n\n\n<p class=\"wp-block-paragraph\">Despu\u00e9s vino el gobierno de Jeanine \u00c1\u00f1ez. Y con \u00e9l volvimos a conocer la persecuci\u00f3n pol\u00edtica, la violencia y la represi\u00f3n. Bolivia volvi\u00f3 a quedar profundamente fracturada.&nbsp;<\/p>\n\n\n\n<p class=\"wp-block-paragraph\">Pero el pueblo boliviano volvi\u00f3 a votar y con su voto decidi\u00f3 recuperar la institucionalidad democr\u00e1tica y dar continuidad a un proyecto pol\u00edtico que hab\u00eda nacido de las luchas sociales y de las demandas hist\u00f3ricas de octubre.<\/p>\n\n\n\n<p class=\"wp-block-paragraph\">Casi de repente pas\u00f3 algo inesperado, impensado, incre\u00edble y eso fue la traici\u00f3n al proceso de cambio, encabezada por Luis Arce, ir\u00f3nicamente cuando volvi\u00f3 la institucionalidad democr\u00e1tica a Bolivia el 2020. La disputa interna fue irremediable y dolorosa. Y ojal\u00e1 hubiera sido s\u00f3lo la lastimera traici\u00f3n, sino que a eso se sum\u00f3 una corrupci\u00f3n deplorable, junto a una administraci\u00f3n deficiente.<\/p>\n\n\n\n<p class=\"wp-block-paragraph\">Hoy, sin embargo, veinte a\u00f1os despu\u00e9s de aquellas jornadas que cambiaron Bolivia, vuelvo a mirar la realidad desde una parada de bus.<\/p>\n\n\n\n<p class=\"wp-block-paragraph\">Y me pregunto, \u00bfC\u00f3mo llegamos nuevamente hasta aqu\u00ed?<\/p>\n\n\n\n<p class=\"wp-block-paragraph\"><strong>El retorno de las viejas recetas<\/strong><\/p>\n\n\n\n<p class=\"wp-block-paragraph\">Hoy atravesamos una crisis de combustible sin soluciones concretas y responsables. Una crisis econ\u00f3mica que golpea directamente a las familias. El costo de vida aumenta, el salario pierde capacidad adquisitiva y cada vez resulta m\u00e1s dif\u00edcil garantizar una vida digna.<\/p>\n\n\n\n<p class=\"wp-block-paragraph\">Mientras tanto, el gobierno insiste en una ret\u00f3rica que parece desconectada de la realidad cotidiana. Nos hablan de renacimiento mientras la gente hace filas.<\/p>\n\n\n\n<p class=\"wp-block-paragraph\">Nos hablan de futuro mientras las familias hacen malabares para llegar a fin de mes. Nos hablan de libertad mientras crece la presi\u00f3n sobre quienes protestan.<\/p>\n\n\n\n<p class=\"wp-block-paragraph\">Y cuando la gente se indigna, cuando reclama, cuando sale a las calles porque ya no encuentra respuestas, aparece nuevamente la tentaci\u00f3n de responder con represi\u00f3n.<\/p>\n\n\n\n<p class=\"wp-block-paragraph\">Eso ya lo vivimos. Lo vivimos con Goni. Lo vivimos antes de \u00e9l. Lo vivimos en 2019.<\/p>\n\n\n\n<p class=\"wp-block-paragraph\">Y no podemos permitir que vuelva a convertirse en una receta de gobierno.<\/p>\n\n\n\n<p class=\"wp-block-paragraph\">Hoy vemos adem\u00e1s c\u00f3mo una YPFB que deber\u00eda estar al servicio del inter\u00e9s nacional vuelve a estar amenazada por una l\u00f3gica de privatizaci\u00f3n y entrega, donde el patrimonio p\u00fablico corre el riesgo de convertirse nuevamente en negocio de unos pocos, incluso de intereses extranjeros.<\/p>\n\n\n\n<p class=\"wp-block-paragraph\">La historia parece regresar por la puerta de atr\u00e1s. Pero, no vuelve exactamente igual. Vuelve disfrazada de modernidad, de libertad, de eficiencia, de inversi\u00f3n, de \u00abrenacimiento\u00bb.<\/p>\n\n\n\n<p class=\"wp-block-paragraph\">Y, sin embargo, debajo de los nuevos discursos aparecen viejas recetas: de menos Estado, m\u00e1s negocio privado; menos derechos, m\u00e1s ajuste; menos redistribuci\u00f3n, m\u00e1s concentraci\u00f3n; menos di\u00e1logo, m\u00e1s represi\u00f3n.<\/p>\n\n\n\n<p class=\"wp-block-paragraph\">La memoria tambi\u00e9n es una forma de resistencia. Quiz\u00e1s por eso aquella imagen me hizo pensar tanto.<\/p>\n\n\n\n<p class=\"wp-block-paragraph\">Porque mientras esperaba el bus, no solamente estaba mirando La Paz. Estaba mirando un pedazo de nuestra historia.<\/p>\n\n\n\n<p class=\"wp-block-paragraph\">Vi las heridas de octubre 2003. Vi la Plaza Murillo cerrada.<\/p>\n\n\n\n<p class=\"wp-block-paragraph\">Vi la Asamblea Constituyente. Vi las banderas y los rostros de aquella Bolivia diversa que comenzaba a reconocerse.<\/p>\n\n\n\n<p class=\"wp-block-paragraph\">Vi la nacionalizaci\u00f3n de nuestros Hidrocarburos. Vi el Telef\u00e9rico. Vi tambi\u00e9n 2019. Y vi, finalmente, la Bolivia de hoy.<\/p>\n\n\n\n<p class=\"wp-block-paragraph\">Una Bolivia cansada, golpeada econ\u00f3micamente y nuevamente enfrentada a discursos que pretenden convencerla de que no existen alternativas. Pero s\u00ed existen. Porque Bolivia ya demostr\u00f3 que puede cambiar.<\/p>\n\n\n\n<p class=\"wp-block-paragraph\">Ya demostr\u00f3 que puede recuperar sus recursos naturales, ampliar derechos, redistribuir riqueza, reconocer su diversidad y construir un Estado que no d\u00e9 la espalda a las mayor\u00edas. Tambi\u00e9n demostr\u00f3 que ning\u00fan gobierno es eterno y que ning\u00fan proyecto pol\u00edtico est\u00e1 por encima del pueblo.<\/p>\n\n\n\n<p class=\"wp-block-paragraph\">Por eso, recordar no significa vivir del pasado.<\/p>\n\n\n\n<p class=\"wp-block-paragraph\">Recordar significa saber qu\u00e9 conquistamos, qu\u00e9 perdimos y qu\u00e9 no estamos dispuestos a volver a entregar.<\/p>\n\n\n\n<p class=\"wp-block-paragraph\">Hoy la derecha vuelve a gobernar y pretende presentarse como el futuro.<\/p>\n\n\n\n<p class=\"wp-block-paragraph\">Pero un pa\u00eds no construye futuro destruyendo sus conquistas ni entregando su patrimonio.<\/p>\n\n\n\n<p class=\"wp-block-paragraph\">No se construye democracia acallando la protesta.<\/p>\n\n\n\n<p class=\"wp-block-paragraph\">No se construye libertad empobreciendo a las mayor\u00edas.<\/p>\n\n\n\n<p class=\"wp-block-paragraph\">No se construye desarrollo privatizando lo que pertenece a todos.<\/p>\n\n\n\n<p class=\"wp-block-paragraph\">Y definitivamente no se construye un nuevo pa\u00eds olvidando a quienes dieron su vida por \u00e9l.<\/p>\n\n\n\n<p class=\"wp-block-paragraph\">Mientras llegaba el bus, pens\u00e9 que quiz\u00e1s esa es nuestra principal tarea en este momento: recordar.&nbsp;<\/p>\n\n\n\n<p class=\"wp-block-paragraph\">Recordar para no permitir que nos vuelvan a contar la historia como si todo comenzara hoy.<\/p>\n\n\n\n<p class=\"wp-block-paragraph\">Recordar para distinguir entre un verdadero proyecto de transformaci\u00f3n y una vieja receta con un nuevo nombre.<\/p>\n\n\n\n<p class=\"wp-block-paragraph\">Y recordar, sobre todo, que las mayor\u00edas nacionales ya hemos demostrado que podemos levantarnos.<\/p>\n\n\n\n<p class=\"wp-block-paragraph\">Porque la historia de Bolivia no la escriben los gobiernos de turno\u2026 La historia la escribe su pueblo.<\/p>\n","protected":false},"excerpt":{"rendered":"<p>Mientras esperaba el bus de regreso a casa, despu\u00e9s de una jornada intensa de trabajo, me qued\u00e9 mirando esta imagen. Parada en una fila cualquiera, en medio del cansancio y de la rutina, la memoria comenz\u00f3 a hacer lo suyo. Pens\u00e9 en la ret\u00f3rica cansada del desgobierno de Rodrigo Paz y de sus aliados de [&hellip;]<\/p>\n","protected":false},"author":26,"featured_media":1006,"comment_status":"open","ping_status":"open","sticky":false,"template":"","format":"standard","meta":{"footnotes":"","jetpack_publicize_message":"Una reflexi\u00f3n \u00edntima de Claudia Herbas sobre la historia reciente y un presente angustioso.","jetpack_publicize_feature_enabled":true,"jetpack_social_post_already_shared":false,"jetpack_social_options":{"image_generator_settings":{"template":"highway","default_image_id":0,"font":"","enabled":false},"version":2}},"categories":[4,3],"tags":[],"class_list":["post-1005","post","type-post","status-publish","format-standard","has-post-thumbnail","category-articulos","category-muy-picante"],"jetpack_publicize_connections":[],"wpmagazine_modules_lite_featured_media_urls":{"thumbnail":["https:\/\/ajicolorado.com\/wp-content\/uploads\/2026\/09\/IMG_20260827_170622-150x150.jpg",150,150,true],"cvmm-medium":["https:\/\/ajicolorado.com\/wp-content\/uploads\/2026\/09\/IMG_20260827_170622-300x300.jpg",300,300,true],"cvmm-medium-plus":["https:\/\/ajicolorado.com\/wp-content\/uploads\/2026\/09\/IMG_20260827_170622-305x207.jpg",305,207,true],"cvmm-portrait":["https:\/\/ajicolorado.com\/wp-content\/uploads\/2026\/09\/IMG_20260827_170622-400x600.jpg",400,600,true],"cvmm-medium-square":["https:\/\/ajicolorado.com\/wp-content\/uploads\/2026\/09\/IMG_20260827_170622-600x600.jpg",600,600,true],"cvmm-large":["https:\/\/ajicolorado.com\/wp-content\/uploads\/2026\/09\/IMG_20260827_170622-1024x1024.jpg",1024,1024,true],"cvmm-small":["https:\/\/ajicolorado.com\/wp-content\/uploads\/2026\/09\/IMG_20260827_170622-130x95.jpg",130,95,true],"full":["https:\/\/ajicolorado.com\/wp-content\/uploads\/2026\/09\/IMG_20260827_170622-scaled.jpg",1152,2560,false]},"categories_names":{"4":{"name":"ART\u00cdCULOS","link":"https:\/\/ajicolorado.com\/?cat=4"},"3":{"name":"MUY PICANTE","link":"https:\/\/ajicolorado.com\/?cat=3"}},"tags_names":[],"comments_number":"0","brizy_media":[],"_links":{"self":[{"href":"https:\/\/ajicolorado.com\/index.php?rest_route=\/wp\/v2\/posts\/1005","targetHints":{"allow":["GET"]}}],"collection":[{"href":"https:\/\/ajicolorado.com\/index.php?rest_route=\/wp\/v2\/posts"}],"about":[{"href":"https:\/\/ajicolorado.com\/index.php?rest_route=\/wp\/v2\/types\/post"}],"author":[{"embeddable":true,"href":"https:\/\/ajicolorado.com\/index.php?rest_route=\/wp\/v2\/users\/26"}],"replies":[{"embeddable":true,"href":"https:\/\/ajicolorado.com\/index.php?rest_route=%2Fwp%2Fv2%2Fcomments&post=1005"}],"version-history":[{"count":1,"href":"https:\/\/ajicolorado.com\/index.php?rest_route=\/wp\/v2\/posts\/1005\/revisions"}],"predecessor-version":[{"id":1007,"href":"https:\/\/ajicolorado.com\/index.php?rest_route=\/wp\/v2\/posts\/1005\/revisions\/1007"}],"wp:featuredmedia":[{"embeddable":true,"href":"https:\/\/ajicolorado.com\/index.php?rest_route=\/wp\/v2\/media\/1006"}],"wp:attachment":[{"href":"https:\/\/ajicolorado.com\/index.php?rest_route=%2Fwp%2Fv2%2Fmedia&parent=1005"}],"wp:term":[{"taxonomy":"category","embeddable":true,"href":"https:\/\/ajicolorado.com\/index.php?rest_route=%2Fwp%2Fv2%2Fcategories&post=1005"},{"taxonomy":"post_tag","embeddable":true,"href":"https:\/\/ajicolorado.com\/index.php?rest_route=%2Fwp%2Fv2%2Ftags&post=1005"}],"curies":[{"name":"wp","href":"https:\/\/api.w.org\/{rel}","templated":true}]}}